{"id":33024,"date":"2014-11-23T14:25:45","date_gmt":"2014-11-23T17:25:45","guid":{"rendered":"http:\/\/cordobatimes.com\/showup\/?p=33024"},"modified":"2020-02-02T09:43:18","modified_gmt":"2020-02-02T12:43:18","slug":"internaron-a-la-tota-santillan","status":"publish","type":"post","link":"https:\/\/www.cordobatimes.com\/showup\/famosos\/2014\/11\/23\/internaron-a-la-tota-santillan\/","title":{"rendered":"Internaron a la Tota Santill\u00e1n"},"content":{"rendered":"<h3 style=\"text-align: justify;\"><strong>El reconocido conductor \u00a0fue hospitalizado en el Instituto del Diagn\u00f3stico en observaci\u00f3n, luego de un fuerte malestar que comenz\u00f3 el viernes por la tarde.<\/strong><\/h3>\n<p style=\"text-align: justify;\">\u201cEstoy internado en el Instituto del Diagn\u00f3stico, fue por una especie de estr\u00e9s\u201c, explic\u00f3 el presentador y actor al medio digital \u00abExitoina.com\u00bb.<\/p>\n<p style=\"text-align: justify;\">\u201cAyer me llevaron al Hospital Italiano pero despu\u00e9s me volv\u00ed a sentir mal a la noche y me trajeron de urgencia\u201d, agreg\u00f3.<\/p>\n<p style=\"text-align: justify;\">\u201cEstoy en observaci\u00f3n, ya me siento un poco mejor\u201c, detall\u00f3 Santill\u00e1n, quien ingres\u00f3 con un fuerte cuadro febril que fue r\u00e1pidamente controlado, mientras se espera el resultado de los an\u00e1lisis.<\/p>\n","protected":false},"excerpt":{"rendered":"<p>El reconocido conductor \u00a0fue hospitalizado en el Instituto del Diagn\u00f3stico en observaci\u00f3n, luego de un fuerte malestar que comenz\u00f3 el viernes por la tarde. \u201cEstoy internado en el Instituto del Diagn\u00f3stico, fue por una especie de estr\u00e9s\u201c, explic\u00f3 el presentador y actor al medio digital \u00abExitoina.com\u00bb. \u201cAyer me llevaron al Hospital Italiano pero despu\u00e9s me [&hellip;]<\/p>\n","protected":false},"author":9,"featured_media":33026,"comment_status":"closed","ping_status":"closed","sticky":false,"template":"","format":"standard","meta":{"_seopress_robots_primary_cat":"","_seopress_titles_title":"","_seopress_titles_desc":"","_seopress_robots_index":"","footnotes":""},"categories":[4],"tags":[29253],"class_list":{"0":"post-33024","1":"post","2":"type-post","3":"status-publish","4":"format-standard","5":"has-post-thumbnail","7":"category-famosos","8":"tag-la-tota-santillan-internado"},"_links":{"self":[{"href":"https:\/\/www.cordobatimes.com\/showup\/wp-json\/wp\/v2\/posts\/33024","targetHints":{"allow":["GET"]}}],"collection":[{"href":"https:\/\/www.cordobatimes.com\/showup\/wp-json\/wp\/v2\/posts"}],"about":[{"href":"https:\/\/www.cordobatimes.com\/showup\/wp-json\/wp\/v2\/types\/post"}],"author":[{"embeddable":true,"href":"https:\/\/www.cordobatimes.com\/showup\/wp-json\/wp\/v2\/users\/9"}],"replies":[{"embeddable":true,"href":"https:\/\/www.cordobatimes.com\/showup\/wp-json\/wp\/v2\/comments?post=33024"}],"version-history":[{"count":0,"href":"https:\/\/www.cordobatimes.com\/showup\/wp-json\/wp\/v2\/posts\/33024\/revisions"}],"wp:featuredmedia":[{"embeddable":true,"href":"https:\/\/www.cordobatimes.com\/showup\/wp-json\/wp\/v2\/media\/33026"}],"wp:attachment":[{"href":"https:\/\/www.cordobatimes.com\/showup\/wp-json\/wp\/v2\/media?parent=33024"}],"wp:term":[{"taxonomy":"category","embeddable":true,"href":"https:\/\/www.cordobatimes.com\/showup\/wp-json\/wp\/v2\/categories?post=33024"},{"taxonomy":"post_tag","embeddable":true,"href":"https:\/\/www.cordobatimes.com\/showup\/wp-json\/wp\/v2\/tags?post=33024"}],"curies":[{"name":"wp","href":"https:\/\/api.w.org\/{rel}","templated":true}]}}