{"id":32905,"date":"2014-11-20T15:20:56","date_gmt":"2014-11-20T18:20:56","guid":{"rendered":"http:\/\/cordobatimes.com\/showup\/?p=32905"},"modified":"2020-02-02T10:33:27","modified_gmt":"2020-02-02T13:33:27","slug":"murio-el-padre-de-maxima-zorreguieta","status":"publish","type":"post","link":"https:\/\/www.cordobatimes.com\/showup\/famosos\/2014\/11\/20\/murio-el-padre-de-maxima-zorreguieta\/","title":{"rendered":"Muri\u00f3 el padre de M\u00e1xima Zorreguieta"},"content":{"rendered":"<h3 style=\"text-align: justify;\"><strong>El padre de la reina argentina de Holanda, muri\u00f3 este jueves a los 86 a\u00f1os.<\/strong><\/h3>\n<p style=\"text-align: justify;\">La esposa de Guillermo Alejandro hab\u00eda viajado de urgencia a nuestro pa\u00eds, ya que su pap\u00e1 estaba atravesando un dif\u00edcil momento de salud. Zorreguieta estaba internado en Fundaleu a causa de una leucemia.<\/p>\n<p style=\"text-align: justify;\">M\u00e1xima lleg\u00f3 a Buenos Aires el pasado s\u00e1bado y estuvo solamente 36 horas y luego regres\u00f3 a Holanda.<\/p>\n<p style=\"text-align: justify;\">Jorge Zorreguieta hab\u00eda sido Secretario de Agricultura y Ganader\u00eda durante la \u00faltima dictadura militar en Argentina y por eso el parlamento holand\u00e9s no permit\u00eda su presencia en acontecimientos reales e incluso familiares. Ni \u00e9l ni su esposa Mar\u00eda del Carmen Cerrutti hab\u00edan podido asistir al casamiento de su hija con el por entonces pr\u00edncipe, ocurrido el 2 de febrero de 2002.<\/p>\n<p style=\"text-align: justify;\">Cr\u00e9dito de la fotograf\u00eda: ANP<\/p>\n","protected":false},"excerpt":{"rendered":"<p>El padre de la reina argentina de Holanda, muri\u00f3 este jueves a los 86 a\u00f1os. La esposa de Guillermo Alejandro hab\u00eda viajado de urgencia a nuestro pa\u00eds, ya que su pap\u00e1 estaba atravesando un dif\u00edcil momento de salud. Zorreguieta estaba internado en Fundaleu a causa de una leucemia. M\u00e1xima lleg\u00f3 a Buenos Aires el pasado [&hellip;]<\/p>\n","protected":false},"author":9,"featured_media":32907,"comment_status":"closed","ping_status":"closed","sticky":false,"template":"","format":"standard","meta":{"_seopress_robots_primary_cat":"","_seopress_titles_title":"","_seopress_titles_desc":"","_seopress_robots_index":"","footnotes":""},"categories":[4],"tags":[29265,29264],"class_list":{"0":"post-32905","1":"post","2":"type-post","3":"status-publish","4":"format-standard","5":"has-post-thumbnail","7":"category-famosos","8":"tag-maxima-zorreguieta-jorge-zorreguieta","9":"tag-muerte-del-padre-de-maxima-zorreguieta"},"_links":{"self":[{"href":"https:\/\/www.cordobatimes.com\/showup\/wp-json\/wp\/v2\/posts\/32905","targetHints":{"allow":["GET"]}}],"collection":[{"href":"https:\/\/www.cordobatimes.com\/showup\/wp-json\/wp\/v2\/posts"}],"about":[{"href":"https:\/\/www.cordobatimes.com\/showup\/wp-json\/wp\/v2\/types\/post"}],"author":[{"embeddable":true,"href":"https:\/\/www.cordobatimes.com\/showup\/wp-json\/wp\/v2\/users\/9"}],"replies":[{"embeddable":true,"href":"https:\/\/www.cordobatimes.com\/showup\/wp-json\/wp\/v2\/comments?post=32905"}],"version-history":[{"count":0,"href":"https:\/\/www.cordobatimes.com\/showup\/wp-json\/wp\/v2\/posts\/32905\/revisions"}],"wp:featuredmedia":[{"embeddable":true,"href":"https:\/\/www.cordobatimes.com\/showup\/wp-json\/wp\/v2\/media\/32907"}],"wp:attachment":[{"href":"https:\/\/www.cordobatimes.com\/showup\/wp-json\/wp\/v2\/media?parent=32905"}],"wp:term":[{"taxonomy":"category","embeddable":true,"href":"https:\/\/www.cordobatimes.com\/showup\/wp-json\/wp\/v2\/categories?post=32905"},{"taxonomy":"post_tag","embeddable":true,"href":"https:\/\/www.cordobatimes.com\/showup\/wp-json\/wp\/v2\/tags?post=32905"}],"curies":[{"name":"wp","href":"https:\/\/api.w.org\/{rel}","templated":true}]}}