{"id":32872,"date":"2014-11-20T01:00:56","date_gmt":"2014-11-20T04:00:56","guid":{"rendered":"http:\/\/cordobatimes.com\/showup\/?p=32872"},"modified":"2020-02-02T10:39:29","modified_gmt":"2020-02-02T13:39:29","slug":"natalia-oreiro-vuelve-a-la-tele-de-la-mano-de-una-ficcion-de-campanella-quien-sera-su-galan","status":"publish","type":"post","link":"https:\/\/www.cordobatimes.com\/showup\/tv\/2014\/11\/20\/natalia-oreiro-vuelve-a-la-tele-de-la-mano-de-una-ficcion-de-campanella-quien-sera-su-galan\/","title":{"rendered":"Natalia Oreiro vuelve a la tele de la mano de una ficci\u00f3n de Campanella, \u00bfqui\u00e9n ser\u00e1 su gal\u00e1n?"},"content":{"rendered":"<h3 style=\"text-align: justify;\"><strong>La bella actriz uruguaya regresar\u00e1 a las tiras diarias luego \u00a0de un a\u00f1o de ausencia para ser protagonista de un unitario del reconocido director. <\/strong><\/h3>\n<p style=\"text-align: justify;\">La ficci\u00f3n, que ser\u00e1 realizada el a\u00f1o que viene, tendr\u00e1 de \u00a0protagonistas a Natalia Oreiro y a Benjam\u00edn Vicu\u00f1a.<\/p>\n<p style=\"text-align: justify;\">En este marco, esta semana el actor chileno, quien regres\u00f3 de su pa\u00eds natal junto a su familia, tuvo su primera reuni\u00f3n y, sin las firmas de ninguno de los protagonistas, estar\u00eda cerrado de palabra el protag\u00f3nico con Natalia Oreiro.<\/p>\n<p style=\"text-align: justify;\">Este unitario ser\u00e1, entonces, el regreso televisivo de Oreiro despu\u00e9s de \u00abSolamente vos\u00bb, que protagoniz\u00f3 junto a Adri\u00e1n Suar en 2013, y el de Vicu\u00f1a tras su consagraci\u00f3n en \u00abFarsantes\u00bb junto a Facundo Arana, Julio Ch\u00e1vez y Griselda Siciliani.<\/p>\n","protected":false},"excerpt":{"rendered":"<p>La bella actriz uruguaya regresar\u00e1 a las tiras diarias luego \u00a0de un a\u00f1o de ausencia para ser protagonista de un unitario del reconocido director. La ficci\u00f3n, que ser\u00e1 realizada el a\u00f1o que viene, tendr\u00e1 de \u00a0protagonistas a Natalia Oreiro y a Benjam\u00edn Vicu\u00f1a. En este marco, esta semana el actor chileno, quien regres\u00f3 de su [&hellip;]<\/p>\n","protected":false},"author":9,"featured_media":32884,"comment_status":"closed","ping_status":"closed","sticky":false,"template":"","format":"standard","meta":{"_seopress_robots_primary_cat":"","_seopress_titles_title":"","_seopress_titles_desc":"","_seopress_robots_index":"","footnotes":""},"categories":[2],"tags":[29269,29270],"class_list":{"0":"post-32872","1":"post","2":"type-post","3":"status-publish","4":"format-standard","5":"has-post-thumbnail","7":"category-tv","8":"tag-natalia-oreiro-y-a-benjamin-vicuna","9":"tag-natalia-oreiro-y-a-benjamin-vicuna-entre-canibales"},"_links":{"self":[{"href":"https:\/\/www.cordobatimes.com\/showup\/wp-json\/wp\/v2\/posts\/32872","targetHints":{"allow":["GET"]}}],"collection":[{"href":"https:\/\/www.cordobatimes.com\/showup\/wp-json\/wp\/v2\/posts"}],"about":[{"href":"https:\/\/www.cordobatimes.com\/showup\/wp-json\/wp\/v2\/types\/post"}],"author":[{"embeddable":true,"href":"https:\/\/www.cordobatimes.com\/showup\/wp-json\/wp\/v2\/users\/9"}],"replies":[{"embeddable":true,"href":"https:\/\/www.cordobatimes.com\/showup\/wp-json\/wp\/v2\/comments?post=32872"}],"version-history":[{"count":0,"href":"https:\/\/www.cordobatimes.com\/showup\/wp-json\/wp\/v2\/posts\/32872\/revisions"}],"wp:featuredmedia":[{"embeddable":true,"href":"https:\/\/www.cordobatimes.com\/showup\/wp-json\/wp\/v2\/media\/32884"}],"wp:attachment":[{"href":"https:\/\/www.cordobatimes.com\/showup\/wp-json\/wp\/v2\/media?parent=32872"}],"wp:term":[{"taxonomy":"category","embeddable":true,"href":"https:\/\/www.cordobatimes.com\/showup\/wp-json\/wp\/v2\/categories?post=32872"},{"taxonomy":"post_tag","embeddable":true,"href":"https:\/\/www.cordobatimes.com\/showup\/wp-json\/wp\/v2\/tags?post=32872"}],"curies":[{"name":"wp","href":"https:\/\/api.w.org\/{rel}","templated":true}]}}