{"id":32841,"date":"2014-11-19T15:36:59","date_gmt":"2014-11-19T18:36:59","guid":{"rendered":"http:\/\/cordobatimes.com\/showup\/?p=32841"},"modified":"2020-02-02T10:40:03","modified_gmt":"2020-02-02T13:40:03","slug":"freezer-el-villano-dragon-ball-z-resucitara-en-una-nueva-pelicula-video","status":"publish","type":"post","link":"https:\/\/www.cordobatimes.com\/showup\/cine-y-series\/2014\/11\/19\/freezer-el-villano-dragon-ball-z-resucitara-en-una-nueva-pelicula-video\/","title":{"rendered":"Freezer, el villano Dragon Ball Z resucitar\u00e1 en una nueva pel\u00edcula (Video)"},"content":{"rendered":"<h3 style=\"text-align: justify;\"><strong>El personaje regresar\u00e1 para enfrentarse a Goku en un nuevo film que llevar\u00e1 por t\u00edtulo \u00abDragon Ball Z: Fukkatsu no F\u00bb (Bola de Drag\u00f3n Z: La resurrecci\u00f3n de F).<\/strong><\/h3>\n<p style=\"text-align: justify;\">Las bolas de drag\u00f3n, que tantas veces trajeron de nuevo al mundo de los vivos a Goku y sus amigos, servir\u00e1n ahora para resucitar al que es considerado por los fans como el mejor villano de la ya muy larga lista de poderosos enemigos que han pasado por Bola de Drag\u00f3n.<\/p>\n<p style=\"text-align: justify;\">El propio Freezer -que protagoniz\u00f3 en Namek el combate m\u00e1s memorable de la saga frente a Son Goku- aparece en el nuevo cartel de la pel\u00edcula junto con otros personajes de la saga, incluido Bills, el villano de la anterior pel\u00edcula \u00abDragon Ball Z: La Batalla de los Dioses\u00bb.<\/p>\n<p style=\"text-align: center;\"><a href=\"http:\/\/cordobatimes.com\/showup\/wp-content\/uploads\/2014\/11\/goku.jpg\"><img loading=\"lazy\" decoding=\"async\" class=\"size-full wp-image-32842 aligncenter\" src=\"http:\/\/cordobatimes.com\/showup\/wp-content\/uploads\/2014\/11\/goku.jpg\" alt=\"goku\" width=\"337\" height=\"500\" data-id=\"32842\" srcset=\"https:\/\/www.cordobatimes.com\/showup\/wp-content\/uploads\/2014\/11\/goku.jpg 337w, https:\/\/www.cordobatimes.com\/showup\/wp-content\/uploads\/2014\/11\/goku-202x300.jpg 202w\" sizes=\"auto, (max-width: 337px) 100vw, 337px\" \/><\/a><\/p>\n<p style=\"text-align: justify;\">La historia, obra del padre de la saga, Akira Toriyama, nos presenta a una Tierra en paz pero a la que llegan dos soldados que en su d\u00eda pertenecieron a las tropas de Freezer: Sorbet y Tagom. Dos nuevos personajes cuyo objetivo es revivir a Freezer con las bolas de drag\u00f3n para que su poderoso l\u00edder desate su venganza contra los Saiyans.<\/p>\n<p style=\"text-align: justify;\">La pel\u00edcula, dirigida por Tadayoshi Yamamuro, uno de los m\u00e1s reputados ilustradores de la saga, se estrenar\u00e1 en Jap\u00f3n el 18 de abril de 2015 y contar\u00e1 con una duraci\u00f3n aproximada de dos horas.<\/p>\n<p style=\"text-align: justify;\">No te pierdas el adelanto.<\/p>\n<p><iframe loading=\"lazy\" src=\"\/\/www.youtube.com\/embed\/0VN6huexcEM\" width=\"560\" height=\"315\" frameborder=\"0\" allowfullscreen=\"allowfullscreen\"><\/iframe><\/p>\n<p>Fuente: Culturaocio.com<\/p>\n","protected":false},"excerpt":{"rendered":"<p>El personaje regresar\u00e1 para enfrentarse a Goku en un nuevo film que llevar\u00e1 por t\u00edtulo \u00abDragon Ball Z: Fukkatsu no F\u00bb (Bola de Drag\u00f3n Z: La resurrecci\u00f3n de F). Las bolas de drag\u00f3n, que tantas veces trajeron de nuevo al mundo de los vivos a Goku y sus amigos, servir\u00e1n ahora para resucitar al que [&hellip;]<\/p>\n","protected":false},"author":9,"featured_media":32843,"comment_status":"closed","ping_status":"closed","sticky":false,"template":"","format":"standard","meta":{"_seopress_robots_primary_cat":"","_seopress_titles_title":"","_seopress_titles_desc":"","_seopress_robots_index":"","footnotes":""},"categories":[3],"tags":[10660,10661,29271],"class_list":{"0":"post-32841","1":"post","2":"type-post","3":"status-publish","4":"format-standard","5":"has-post-thumbnail","7":"category-cine-y-series","8":"tag-dragon-ball-z-fukkatsu-no-f","9":"tag-dragon-ball-z-la-batalla-de-los-dioses","10":"tag-freezer-el-villano-dragon-ball-z"},"_links":{"self":[{"href":"https:\/\/www.cordobatimes.com\/showup\/wp-json\/wp\/v2\/posts\/32841","targetHints":{"allow":["GET"]}}],"collection":[{"href":"https:\/\/www.cordobatimes.com\/showup\/wp-json\/wp\/v2\/posts"}],"about":[{"href":"https:\/\/www.cordobatimes.com\/showup\/wp-json\/wp\/v2\/types\/post"}],"author":[{"embeddable":true,"href":"https:\/\/www.cordobatimes.com\/showup\/wp-json\/wp\/v2\/users\/9"}],"replies":[{"embeddable":true,"href":"https:\/\/www.cordobatimes.com\/showup\/wp-json\/wp\/v2\/comments?post=32841"}],"version-history":[{"count":0,"href":"https:\/\/www.cordobatimes.com\/showup\/wp-json\/wp\/v2\/posts\/32841\/revisions"}],"wp:featuredmedia":[{"embeddable":true,"href":"https:\/\/www.cordobatimes.com\/showup\/wp-json\/wp\/v2\/media\/32843"}],"wp:attachment":[{"href":"https:\/\/www.cordobatimes.com\/showup\/wp-json\/wp\/v2\/media?parent=32841"}],"wp:term":[{"taxonomy":"category","embeddable":true,"href":"https:\/\/www.cordobatimes.com\/showup\/wp-json\/wp\/v2\/categories?post=32841"},{"taxonomy":"post_tag","embeddable":true,"href":"https:\/\/www.cordobatimes.com\/showup\/wp-json\/wp\/v2\/tags?post=32841"}],"curies":[{"name":"wp","href":"https:\/\/api.w.org\/{rel}","templated":true}]}}