{"id":32837,"date":"2014-11-19T15:29:55","date_gmt":"2014-11-19T18:29:55","guid":{"rendered":"http:\/\/cordobatimes.com\/showup\/?p=32837"},"modified":"2020-02-02T10:43:53","modified_gmt":"2020-02-02T13:43:53","slug":"bono-luego-de-un-accidente-en-bicicleta-fue-operado-por-mas-de-5-horas","status":"publish","type":"post","link":"https:\/\/www.cordobatimes.com\/showup\/famosos\/2014\/11\/19\/bono-luego-de-un-accidente-en-bicicleta-fue-operado-por-mas-de-5-horas\/","title":{"rendered":"Bono, luego de un accidente en bicicleta, fue operado por m\u00e1s de 5 horas"},"content":{"rendered":"<h3 style=\"text-align: justify;\"><strong>El pasado domingo el cantante de U2, se lastim\u00f3 al tratar de esquivar a otro ciclista mientras montaba en bicicleta en el Central Park de Nueva York.<\/strong><\/h3>\n<p style=\"text-align: justify;\">Ahora el vocalista irland\u00e9s sufri\u00f3 un percance m\u00e1s grave de lo que inicialmente pudiera haberse imaginado, tal y como queda claro en el parte m\u00e9dico del New York-Presbyterian\/Weill Cornell Medical Center&#8217;s Emergency Department, desvelado por Rolling Stone.<\/p>\n<p style=\"text-align: justify;\">Seg\u00fan esta publicaci\u00f3n, Bono sufri\u00f3 una fractura facial en la parte izquierda de su cara que afecataba al ojo, as\u00ed como otras tres fracturas separadas en el omoplato de ese mismo lado del cuerpo.<\/p>\n<p style=\"text-align: justify;\">Bono fue inmediatamente operado \u00abdurante cinco horas\u00bb de una fractura del h\u00famero en seis piezas separadas. Tres placas de metal y 18 tornillos fueron necesarios para colocar todo en su sitio.<\/p>\n<p style=\"text-align: justify;\">Por si esto fuera poco, a la ma\u00f1ana siguiente, el cantante fue tambi\u00e9n sometido a una operaci\u00f3n en su mano izquierda para reparar la fractura del quinto metacarpiano.<\/p>\n<p style=\"text-align: justify;\">A pesar de lo aparatoso del accidente y lo variado de las fracturas, el hospital asegura que tras un tiempo de rehabilitaci\u00f3n Bono se \u00abrecuperar\u00e1 completamente\u00bb.<\/p>\n<p style=\"text-align: justify;\">Se desconoce si este percance (que se produjo unos d\u00edas despu\u00e9s de que se desprendiera la escotilla trasera del avi\u00f3n privado del cantante en pleno vuelo) podr\u00eda afectar a los planes de U2, que pasaban por anunciar de manera inminente una gira mundial para el pr\u00f3ximo a\u00f1o. Lo que s\u00ed tuvieron que cancelar fue su residencia en el programa de Jimmy Fallon.<\/p>\n","protected":false},"excerpt":{"rendered":"<p>El pasado domingo el cantante de U2, se lastim\u00f3 al tratar de esquivar a otro ciclista mientras montaba en bicicleta en el Central Park de Nueva York. Ahora el vocalista irland\u00e9s sufri\u00f3 un percance m\u00e1s grave de lo que inicialmente pudiera haberse imaginado, tal y como queda claro en el parte m\u00e9dico del New York-Presbyterian\/Weill [&hellip;]<\/p>\n","protected":false},"author":9,"featured_media":32838,"comment_status":"closed","ping_status":"closed","sticky":false,"template":"","format":"standard","meta":{"_seopress_robots_primary_cat":"","_seopress_titles_title":"","_seopress_titles_desc":"","_seopress_robots_index":"","footnotes":""},"categories":[4],"tags":[10653,29272,29273],"class_list":{"0":"post-32837","1":"post","2":"type-post","3":"status-publish","4":"format-standard","5":"has-post-thumbnail","7":"category-famosos","8":"tag-accidente-de-bono","9":"tag-accidente-de-bono-cantante-de-u2","10":"tag-accidente-en-bicicleta-del-cantante-de-u2"},"_links":{"self":[{"href":"https:\/\/www.cordobatimes.com\/showup\/wp-json\/wp\/v2\/posts\/32837","targetHints":{"allow":["GET"]}}],"collection":[{"href":"https:\/\/www.cordobatimes.com\/showup\/wp-json\/wp\/v2\/posts"}],"about":[{"href":"https:\/\/www.cordobatimes.com\/showup\/wp-json\/wp\/v2\/types\/post"}],"author":[{"embeddable":true,"href":"https:\/\/www.cordobatimes.com\/showup\/wp-json\/wp\/v2\/users\/9"}],"replies":[{"embeddable":true,"href":"https:\/\/www.cordobatimes.com\/showup\/wp-json\/wp\/v2\/comments?post=32837"}],"version-history":[{"count":0,"href":"https:\/\/www.cordobatimes.com\/showup\/wp-json\/wp\/v2\/posts\/32837\/revisions"}],"wp:featuredmedia":[{"embeddable":true,"href":"https:\/\/www.cordobatimes.com\/showup\/wp-json\/wp\/v2\/media\/32838"}],"wp:attachment":[{"href":"https:\/\/www.cordobatimes.com\/showup\/wp-json\/wp\/v2\/media?parent=32837"}],"wp:term":[{"taxonomy":"category","embeddable":true,"href":"https:\/\/www.cordobatimes.com\/showup\/wp-json\/wp\/v2\/categories?post=32837"},{"taxonomy":"post_tag","embeddable":true,"href":"https:\/\/www.cordobatimes.com\/showup\/wp-json\/wp\/v2\/tags?post=32837"}],"curies":[{"name":"wp","href":"https:\/\/api.w.org\/{rel}","templated":true}]}}