{"id":32614,"date":"2014-11-16T13:30:23","date_gmt":"2014-11-16T16:30:23","guid":{"rendered":"http:\/\/cordobatimes.com\/showup\/?p=32614"},"modified":"2020-02-02T11:38:56","modified_gmt":"2020-02-02T14:38:56","slug":"merecido-mora-godoy-recibio-la-distincion-de-personalidad-destacada-de-la-cultura","status":"publish","type":"post","link":"https:\/\/www.cordobatimes.com\/showup\/famosos\/2014\/11\/16\/merecido-mora-godoy-recibio-la-distincion-de-personalidad-destacada-de-la-cultura\/","title":{"rendered":"\u00a1Merecido! Mora Godoy recibi\u00f3 la distinci\u00f3n de Personalidad Destacada de la Cultura"},"content":{"rendered":"<h3 style=\"text-align: justify;\"><strong>La bailarina y core\u00f3grafa recibi\u00f3 el galard\u00f3n de la mano del \u00a0Ministro de Cultura porte\u00f1o, Hern\u00e1n Lombardi.<\/strong><\/h3>\n<p style=\"text-align: justify;\">El Vicepresidente 1\u00ba de la Legislatura, Cristian Ritondo (PRO) expres\u00f3 que distinguir a Godoy \u201cera una deuda pendiente de esta Ciudad. Mora representa a nuestro pa\u00eds en el mundo\u201d.<\/p>\n<p style=\"text-align: justify;\">Lombardi destac\u00f3 que \u201cen el sentimiento colectivo que representa el tango en nuestra ciudad, Mora vuela. Lleva al teatro popular a todo el mundo\u201d.<\/p>\n<p style=\"text-align: justify;\">M\u00e1s tarde, Mora agradeci\u00f3 por la \u201cdistinci\u00f3n\u201d y destac\u00f3: \u201cpara m\u00ed, el tango es un universo que est\u00e1 en constante expansi\u00f3n. Nunca me arrepiento de arriesgar en mi carrera, porque esa actitud me permiti\u00f3 llegar a donde estoy\u201d.<\/p>\n<p style=\"text-align: justify;\">\u201cHoy es un d\u00eda especial para quienes, como yo, consideran que el tango es un regalo, una raz\u00f3n de ser. El tango, me hace otro regalo so\u00f1ado, ya que hoy los bailarines de tango tambi\u00e9n somos parte de la cultura\u201d, finaliz\u00f3 Godoy.<\/p>\n<p style=\"text-align: justify;\">Fuente: Exitoina.com<\/p>\n<p>&nbsp;<\/p>\n","protected":false},"excerpt":{"rendered":"<p>La bailarina y core\u00f3grafa recibi\u00f3 el galard\u00f3n de la mano del \u00a0Ministro de Cultura porte\u00f1o, Hern\u00e1n Lombardi. El Vicepresidente 1\u00ba de la Legislatura, Cristian Ritondo (PRO) expres\u00f3 que distinguir a Godoy \u201cera una deuda pendiente de esta Ciudad. Mora representa a nuestro pa\u00eds en el mundo\u201d. Lombardi destac\u00f3 que \u201cen el sentimiento colectivo que representa [&hellip;]<\/p>\n","protected":false},"author":9,"featured_media":32616,"comment_status":"closed","ping_status":"closed","sticky":false,"template":"","format":"standard","meta":{"_seopress_robots_primary_cat":"","_seopress_titles_title":"","_seopress_titles_desc":"","_seopress_robots_index":"","footnotes":""},"categories":[4],"tags":[29289],"class_list":{"0":"post-32614","1":"post","2":"type-post","3":"status-publish","4":"format-standard","5":"has-post-thumbnail","7":"category-famosos","8":"tag-mora-godoy-personalidad-destacada-de-la-cultura"},"_links":{"self":[{"href":"https:\/\/www.cordobatimes.com\/showup\/wp-json\/wp\/v2\/posts\/32614","targetHints":{"allow":["GET"]}}],"collection":[{"href":"https:\/\/www.cordobatimes.com\/showup\/wp-json\/wp\/v2\/posts"}],"about":[{"href":"https:\/\/www.cordobatimes.com\/showup\/wp-json\/wp\/v2\/types\/post"}],"author":[{"embeddable":true,"href":"https:\/\/www.cordobatimes.com\/showup\/wp-json\/wp\/v2\/users\/9"}],"replies":[{"embeddable":true,"href":"https:\/\/www.cordobatimes.com\/showup\/wp-json\/wp\/v2\/comments?post=32614"}],"version-history":[{"count":0,"href":"https:\/\/www.cordobatimes.com\/showup\/wp-json\/wp\/v2\/posts\/32614\/revisions"}],"wp:featuredmedia":[{"embeddable":true,"href":"https:\/\/www.cordobatimes.com\/showup\/wp-json\/wp\/v2\/media\/32616"}],"wp:attachment":[{"href":"https:\/\/www.cordobatimes.com\/showup\/wp-json\/wp\/v2\/media?parent=32614"}],"wp:term":[{"taxonomy":"category","embeddable":true,"href":"https:\/\/www.cordobatimes.com\/showup\/wp-json\/wp\/v2\/categories?post=32614"},{"taxonomy":"post_tag","embeddable":true,"href":"https:\/\/www.cordobatimes.com\/showup\/wp-json\/wp\/v2\/tags?post=32614"}],"curies":[{"name":"wp","href":"https:\/\/api.w.org\/{rel}","templated":true}]}}