{"id":32608,"date":"2014-11-15T20:42:42","date_gmt":"2014-11-15T23:42:42","guid":{"rendered":"http:\/\/cordobatimes.com\/showup\/?p=32608"},"modified":"2020-02-02T12:27:47","modified_gmt":"2020-02-02T15:27:47","slug":"hermosa-se-caso-por-iglesia-marcela-kloosterboer-fotos","status":"publish","type":"post","link":"https:\/\/www.cordobatimes.com\/showup\/famosos\/2014\/11\/15\/hermosa-se-caso-por-iglesia-marcela-kloosterboer-fotos\/","title":{"rendered":"\u00a1Hermosa! Se cas\u00f3 por iglesia Marcela Kloosterboer (Fotos)"},"content":{"rendered":"<h3 style=\"text-align: justify;\"><strong>La bella actriz\u00a0\u00a0dio el s\u00ed religioso con su pareja de hace seis a\u00f1os, el ex rugbier Fernando Sieling, en una ceremonia realizada en la capilla Santa Teresita de Del Viso.<\/strong><\/h3>\n<p style=\"text-align: justify;\">\u00abFELIZ \u2764\ufe0f ahora a celebrar!!! Gracias a ustedes por los mensajes,estamos muy felices! Los queremos\u00bb, escribi\u00f3 en su Twitter la novia tras dar el s\u00ed.<\/p>\n<p style=\"text-align: justify;\">Kloosterboer y Sieling sellaron su amor con sencillez \u00a0y mucho romanticismo, lejos de las c\u00e1maras, aunque la noticia de su casamiento en el Registro Civil de Olivos fue imposible de esconder.<\/p>\n<p style=\"text-align: justify;\">Para la ceremonia religiosa realizada este s\u00e1bado por la tarde, la actriz eligi\u00f3 un vestido blanco de corte sirena que se adaptaba perfecto a su escultural figura y pein\u00f3 su larga cabellera con un recogido del que emerg\u00eda el manto de novia, mientras que el novio se visti\u00f3 de smoking.<\/p>\n<p style=\"text-align: justify;\"><a href=\"http:\/\/cordobatimes.com\/showup\/wp-content\/uploads\/2014\/11\/110.jpg\"><img loading=\"lazy\" decoding=\"async\" class=\"alignnone size-full wp-image-32610\" src=\"http:\/\/cordobatimes.com\/showup\/wp-content\/uploads\/2014\/11\/110.jpg\" alt=\"1\" width=\"744\" height=\"556\" data-id=\"32610\" srcset=\"https:\/\/www.cordobatimes.com\/showup\/wp-content\/uploads\/2014\/11\/110.jpg 744w, https:\/\/www.cordobatimes.com\/showup\/wp-content\/uploads\/2014\/11\/110-300x224.jpg 300w\" sizes=\"auto, (max-width: 744px) 100vw, 744px\" \/><\/a><\/p>\n<p style=\"text-align: justify;\"><a href=\"http:\/\/cordobatimes.com\/showup\/wp-content\/uploads\/2014\/11\/210.jpg\"><img loading=\"lazy\" decoding=\"async\" class=\"alignnone size-full wp-image-32611\" src=\"http:\/\/cordobatimes.com\/showup\/wp-content\/uploads\/2014\/11\/210.jpg\" alt=\"2\" width=\"744\" height=\"372\" data-id=\"32611\" srcset=\"https:\/\/www.cordobatimes.com\/showup\/wp-content\/uploads\/2014\/11\/210.jpg 744w, https:\/\/www.cordobatimes.com\/showup\/wp-content\/uploads\/2014\/11\/210-300x150.jpg 300w\" sizes=\"auto, (max-width: 744px) 100vw, 744px\" \/><\/a><\/p>\n<blockquote class=\"twitter-tweet\" data-lang=\"es\">\n<p dir=\"ltr\" lang=\"es\">Primera foto del matrimonio. Felicitaciones Fernando Sieling y Marcela Kloosterboer. <a href=\"http:\/\/t.co\/cD1wi5qMDf\">pic.twitter.com\/cD1wi5qMDf<\/a><\/p>\n<p>\u2014 GENTE (@genteonline) <a href=\"https:\/\/twitter.com\/genteonline\/status\/533732499411988480?ref_src=twsrc%5Etfw\">15 de noviembre de 2014<\/a><\/p><\/blockquote>\n<p><script async src=\"https:\/\/platform.twitter.com\/widgets.js\" charset=\"utf-8\"><\/script><\/p>\n","protected":false},"excerpt":{"rendered":"<p>La bella actriz\u00a0\u00a0dio el s\u00ed religioso con su pareja de hace seis a\u00f1os, el ex rugbier Fernando Sieling, en una ceremonia realizada en la capilla Santa Teresita de Del Viso. \u00abFELIZ \u2764\ufe0f ahora a celebrar!!! Gracias a ustedes por los mensajes,estamos muy felices! Los queremos\u00bb, escribi\u00f3 en su Twitter la novia tras dar el s\u00ed. [&hellip;]<\/p>\n","protected":false},"author":9,"featured_media":32609,"comment_status":"closed","ping_status":"closed","sticky":false,"template":"","format":"standard","meta":{"_seopress_robots_primary_cat":"","_seopress_titles_title":"","_seopress_titles_desc":"","_seopress_robots_index":"","footnotes":""},"categories":[4],"tags":[26897,29290],"class_list":{"0":"post-32608","1":"post","2":"type-post","3":"status-publish","4":"format-standard","5":"has-post-thumbnail","7":"category-famosos","8":"tag-casamiento-de-marcela-kloosterboer-y-fernando-sieling","9":"tag-marcela-kloosterboer-y-fernando-sieling"},"_links":{"self":[{"href":"https:\/\/www.cordobatimes.com\/showup\/wp-json\/wp\/v2\/posts\/32608","targetHints":{"allow":["GET"]}}],"collection":[{"href":"https:\/\/www.cordobatimes.com\/showup\/wp-json\/wp\/v2\/posts"}],"about":[{"href":"https:\/\/www.cordobatimes.com\/showup\/wp-json\/wp\/v2\/types\/post"}],"author":[{"embeddable":true,"href":"https:\/\/www.cordobatimes.com\/showup\/wp-json\/wp\/v2\/users\/9"}],"replies":[{"embeddable":true,"href":"https:\/\/www.cordobatimes.com\/showup\/wp-json\/wp\/v2\/comments?post=32608"}],"version-history":[{"count":0,"href":"https:\/\/www.cordobatimes.com\/showup\/wp-json\/wp\/v2\/posts\/32608\/revisions"}],"wp:featuredmedia":[{"embeddable":true,"href":"https:\/\/www.cordobatimes.com\/showup\/wp-json\/wp\/v2\/media\/32609"}],"wp:attachment":[{"href":"https:\/\/www.cordobatimes.com\/showup\/wp-json\/wp\/v2\/media?parent=32608"}],"wp:term":[{"taxonomy":"category","embeddable":true,"href":"https:\/\/www.cordobatimes.com\/showup\/wp-json\/wp\/v2\/categories?post=32608"},{"taxonomy":"post_tag","embeddable":true,"href":"https:\/\/www.cordobatimes.com\/showup\/wp-json\/wp\/v2\/tags?post=32608"}],"curies":[{"name":"wp","href":"https:\/\/api.w.org\/{rel}","templated":true}]}}