{"id":32568,"date":"2014-11-14T16:52:30","date_gmt":"2014-11-14T19:52:30","guid":{"rendered":"http:\/\/cordobatimes.com\/showup\/?p=32568"},"modified":"2020-02-02T12:48:09","modified_gmt":"2020-02-02T15:48:09","slug":"pato-fontanet-volvio-a-los-escenarios","status":"publish","type":"post","link":"https:\/\/www.cordobatimes.com\/showup\/musica\/2014\/11\/14\/pato-fontanet-volvio-a-los-escenarios\/","title":{"rendered":"Pato Fontanet volvi\u00f3 a los escenarios"},"content":{"rendered":"<h3 style=\"text-align: justify;\"><strong>El ex l\u00edder de Callejeros, regres\u00f3 \u00a0con su nueva banda, Don Osvaldo.<\/strong><\/h3>\n<p style=\"text-align: justify;\">Luego de casi 10 a\u00f1os de la tragedia de Croma\u00f1on, el m\u00fasico present\u00f3 su nuevo proyecto en la Plaza de la M\u00fasica de C\u00f3rdoba, con entradas agotadas desde el anuncio del show.<\/p>\n<p style=\"text-align: justify;\">La presentaci\u00f3n estuvo plagada de mensajes que ped\u00edan la \u201cabsoluci\u00f3n\u201d a Callejeros, y sonaron tanto las nuevas composiciones de Fontanet como temas de Casi Justicia Social (su anterior agrupaci\u00f3n) y de Callejeros.<\/p>\n<p style=\"text-align: justify;\">\u201cGracias por estar en todo, es una alegr\u00eda enorme volver a trabajar. No puedo decir m\u00e1s nada\u201d, coment\u00f3 el m\u00fasico, cuya banda est\u00e1 integrada por Christian Torrej\u00f3n en bajo, \u00c1lvaro Pedi Puentes en guitarra y coros, Abel \u201cCrisp\u00edn\u201d Pedrello en guitarra y Luis Lamas en bater\u00eda.<\/p>\n<p style=\"text-align: justify;\">El nombre es un homenaje a Osvaldo Pugliese, el patrono de los m\u00fasicos argentinos.<\/p>\n<p style=\"text-align: justify;\">Don Osvaldo dar\u00e1 otros tres recitales en el mismo lugar el 21, 26 y 27 de noviembre. A su vez, se confirm\u00f3 su presencia en el Cosqu\u00edn Rock 2015.<\/p>\n<p style=\"text-align: justify;\">Cr\u00e9dito de la fotograf\u00eda: Mario Sar \/ Teleshow<\/p>\n","protected":false},"excerpt":{"rendered":"<p>El ex l\u00edder de Callejeros, regres\u00f3 \u00a0con su nueva banda, Don Osvaldo. Luego de casi 10 a\u00f1os de la tragedia de Croma\u00f1on, el m\u00fasico present\u00f3 su nuevo proyecto en la Plaza de la M\u00fasica de C\u00f3rdoba, con entradas agotadas desde el anuncio del show. La presentaci\u00f3n estuvo plagada de mensajes que ped\u00edan la \u201cabsoluci\u00f3n\u201d a [&hellip;]<\/p>\n","protected":false},"author":9,"featured_media":32582,"comment_status":"closed","ping_status":"closed","sticky":false,"template":"","format":"standard","meta":{"_seopress_robots_primary_cat":"","_seopress_titles_title":"","_seopress_titles_desc":"","_seopress_robots_index":"","footnotes":""},"categories":[5],"tags":[29294],"class_list":{"0":"post-32568","1":"post","2":"type-post","3":"status-publish","4":"format-standard","5":"has-post-thumbnail","7":"category-musica","8":"tag-pato-fontanet-banda-don-osvaldo"},"_links":{"self":[{"href":"https:\/\/www.cordobatimes.com\/showup\/wp-json\/wp\/v2\/posts\/32568","targetHints":{"allow":["GET"]}}],"collection":[{"href":"https:\/\/www.cordobatimes.com\/showup\/wp-json\/wp\/v2\/posts"}],"about":[{"href":"https:\/\/www.cordobatimes.com\/showup\/wp-json\/wp\/v2\/types\/post"}],"author":[{"embeddable":true,"href":"https:\/\/www.cordobatimes.com\/showup\/wp-json\/wp\/v2\/users\/9"}],"replies":[{"embeddable":true,"href":"https:\/\/www.cordobatimes.com\/showup\/wp-json\/wp\/v2\/comments?post=32568"}],"version-history":[{"count":0,"href":"https:\/\/www.cordobatimes.com\/showup\/wp-json\/wp\/v2\/posts\/32568\/revisions"}],"wp:featuredmedia":[{"embeddable":true,"href":"https:\/\/www.cordobatimes.com\/showup\/wp-json\/wp\/v2\/media\/32582"}],"wp:attachment":[{"href":"https:\/\/www.cordobatimes.com\/showup\/wp-json\/wp\/v2\/media?parent=32568"}],"wp:term":[{"taxonomy":"category","embeddable":true,"href":"https:\/\/www.cordobatimes.com\/showup\/wp-json\/wp\/v2\/categories?post=32568"},{"taxonomy":"post_tag","embeddable":true,"href":"https:\/\/www.cordobatimes.com\/showup\/wp-json\/wp\/v2\/tags?post=32568"}],"curies":[{"name":"wp","href":"https:\/\/api.w.org\/{rel}","templated":true}]}}