{"id":32566,"date":"2014-11-14T16:22:49","date_gmt":"2014-11-14T19:22:49","guid":{"rendered":"http:\/\/cordobatimes.com\/showup\/?p=32566"},"modified":"2020-02-02T12:54:56","modified_gmt":"2020-02-02T15:54:56","slug":"pol-ka-iniciara-una-serie-sobre-la-masacre-de-los-estudiantes-mexicanos","status":"publish","type":"post","link":"https:\/\/www.cordobatimes.com\/showup\/cine-y-series\/2014\/11\/14\/pol-ka-iniciara-una-serie-sobre-la-masacre-de-los-estudiantes-mexicanos\/","title":{"rendered":"Pol-Ka iniciar\u00e1 una serie sobre la masacre de los estudiantes mexicanos"},"content":{"rendered":"<h3 style=\"text-align: justify;\"><strong>La reconocida productora argentina cumpli\u00f3 sus 20 a\u00f1os y buscar\u00e1 continuar su expansi\u00f3n. <\/strong><\/h3>\n<p style=\"text-align: justify;\">Pol- Ka acaba de firmar un acuerdo con Argos, su par mexicana, para desarrollar en forma conjunta una serie de 13 cap\u00edtulos, basada en la desaparici\u00f3n y posterior masacre de los 43 estudiantes mexicanos, hecho ocurrido recientemente en la ciudad de Iguala.<\/p>\n<p style=\"text-align: justify;\">As\u00ed, dos de las casas productoras m\u00e1s importantes de Latinoam\u00e9rica unen sus experiencias para generar un producto de alta calidad para el mercado regional.<\/p>\n<p style=\"text-align: justify;\">El proyecto ser\u00e1 presentado oficialmente por Pol-ka y Argos durante Natpe 2015, encuentro que tendr\u00e1 lugar del 20 al 22 de Enero de 2015 en Miami.<\/p>\n<p style=\"text-align: justify;\">Fotograf\u00eda:\u00a0AFP<\/p>\n","protected":false},"excerpt":{"rendered":"<p>La reconocida productora argentina cumpli\u00f3 sus 20 a\u00f1os y buscar\u00e1 continuar su expansi\u00f3n. Pol- Ka acaba de firmar un acuerdo con Argos, su par mexicana, para desarrollar en forma conjunta una serie de 13 cap\u00edtulos, basada en la desaparici\u00f3n y posterior masacre de los 43 estudiantes mexicanos, hecho ocurrido recientemente en la ciudad de Iguala. [&hellip;]<\/p>\n","protected":false},"author":9,"featured_media":32577,"comment_status":"closed","ping_status":"closed","sticky":false,"template":"","format":"standard","meta":{"_seopress_robots_primary_cat":"","_seopress_titles_title":"","_seopress_titles_desc":"","_seopress_robots_index":"","footnotes":""},"categories":[3],"tags":[10507,10541,29297],"class_list":{"0":"post-32566","1":"post","2":"type-post","3":"status-publish","4":"format-standard","5":"has-post-thumbnail","7":"category-cine-y-series","8":"tag-20-anos-de-pol-ka","9":"tag-masacre-de-43-estudiantes-mexicanos","10":"tag-serie-sobre-la-masacre-de-los-estudiantes-mexicanos"},"_links":{"self":[{"href":"https:\/\/www.cordobatimes.com\/showup\/wp-json\/wp\/v2\/posts\/32566","targetHints":{"allow":["GET"]}}],"collection":[{"href":"https:\/\/www.cordobatimes.com\/showup\/wp-json\/wp\/v2\/posts"}],"about":[{"href":"https:\/\/www.cordobatimes.com\/showup\/wp-json\/wp\/v2\/types\/post"}],"author":[{"embeddable":true,"href":"https:\/\/www.cordobatimes.com\/showup\/wp-json\/wp\/v2\/users\/9"}],"replies":[{"embeddable":true,"href":"https:\/\/www.cordobatimes.com\/showup\/wp-json\/wp\/v2\/comments?post=32566"}],"version-history":[{"count":0,"href":"https:\/\/www.cordobatimes.com\/showup\/wp-json\/wp\/v2\/posts\/32566\/revisions"}],"wp:featuredmedia":[{"embeddable":true,"href":"https:\/\/www.cordobatimes.com\/showup\/wp-json\/wp\/v2\/media\/32577"}],"wp:attachment":[{"href":"https:\/\/www.cordobatimes.com\/showup\/wp-json\/wp\/v2\/media?parent=32566"}],"wp:term":[{"taxonomy":"category","embeddable":true,"href":"https:\/\/www.cordobatimes.com\/showup\/wp-json\/wp\/v2\/categories?post=32566"},{"taxonomy":"post_tag","embeddable":true,"href":"https:\/\/www.cordobatimes.com\/showup\/wp-json\/wp\/v2\/tags?post=32566"}],"curies":[{"name":"wp","href":"https:\/\/api.w.org\/{rel}","templated":true}]}}