{"id":32561,"date":"2014-11-14T16:10:57","date_gmt":"2014-11-14T19:10:57","guid":{"rendered":"http:\/\/cordobatimes.com\/showup\/?p=32561"},"modified":"2020-02-02T13:08:00","modified_gmt":"2020-02-02T16:08:00","slug":"zulma-lobato-sera-personalidad-de-la-tv-publica","status":"publish","type":"post","link":"https:\/\/www.cordobatimes.com\/showup\/tv\/2014\/11\/14\/zulma-lobato-sera-personalidad-de-la-tv-publica\/","title":{"rendered":"Zulma Lobato \u00bfser\u00e1 personalidad de la Tv P\u00fablica?"},"content":{"rendered":"<h3 style=\"text-align: justify;\"><strong>Luego de el medio \u00abSemanario\u00bb publicara el 24 de septiembre \u00abla miseria\u00bb en la que viv\u00eda la medi\u00e1tica y su posterior visita a la Casa Rosada para dejarle una carta a la presidenta, fue recibida por Oscar Parrilli, Secretario de General de la Presidencia de la Naci\u00f3n.<\/strong><\/h3>\n<p style=\"text-align: justify;\">La reuni\u00f3n dur\u00f3 30 minutos, en los que Zulma le expres\u00f3 su deseo de trabajar en la TV P\u00fablica, tener un subsidio, y hasta se anim\u00f3 a pedirle una casa.<\/p>\n<p style=\"text-align: justify;\">Lo cierto es que el secretario de Presidencia descart\u00f3 el regalo de una vivienda puesto que no es costumbre que la Presidenta haga tales obsequios.\u00a0Sin embargo le asegur\u00f3 dos de sus tres pedidos, de acuerdo a lo que confirm\u00f3 su manager, Lautaro Reyes.<\/p>\n<p style=\"text-align: justify;\">\u201cEl secretario de Cristina le dio muchas posibilidades de que le otorguen un subsidio para salir del nivel de pobreza en que se encuentra Zulma, y tambi\u00e9n que es posible que pueda trabajar en la TV P\u00fablica en alg\u00fan programa como parte del plan de inclusi\u00f3n\u201c, cuenta Reyes, para luego agregar que \u201cahora falta esperar que se comuniquen con ella para concretar estas cosas. Zulma est\u00e1 muy feliz, de verdad necesitaba estas cosas\u201d.<\/p>\n<p style=\"text-align: justify;\">Lobato recibir\u00e1 un citatorio para una segunda reuni\u00f3n, orden del mismo Parrilli, con las personas que se encargar\u00e1n de llevar adelante su caso. Se supo, adem\u00e1s, que podr\u00eda, participar de alg\u00fan acto gubernamental en agradecimiento al trato recibido por el Gobierno.<\/p>\n","protected":false},"excerpt":{"rendered":"<p>Luego de el medio \u00abSemanario\u00bb publicara el 24 de septiembre \u00abla miseria\u00bb en la que viv\u00eda la medi\u00e1tica y su posterior visita a la Casa Rosada para dejarle una carta a la presidenta, fue recibida por Oscar Parrilli, Secretario de General de la Presidencia de la Naci\u00f3n. La reuni\u00f3n dur\u00f3 30 minutos, en los que [&hellip;]<\/p>\n","protected":false},"author":9,"featured_media":32575,"comment_status":"closed","ping_status":"closed","sticky":false,"template":"","format":"standard","meta":{"_seopress_robots_primary_cat":"","_seopress_titles_title":"","_seopress_titles_desc":"","_seopress_robots_index":"","footnotes":""},"categories":[2],"tags":[29298],"class_list":{"0":"post-32561","1":"post","2":"type-post","3":"status-publish","4":"format-standard","5":"has-post-thumbnail","7":"category-tv","8":"tag-zulma-lobato-personalidad-de-la-tv-publica"},"_links":{"self":[{"href":"https:\/\/www.cordobatimes.com\/showup\/wp-json\/wp\/v2\/posts\/32561","targetHints":{"allow":["GET"]}}],"collection":[{"href":"https:\/\/www.cordobatimes.com\/showup\/wp-json\/wp\/v2\/posts"}],"about":[{"href":"https:\/\/www.cordobatimes.com\/showup\/wp-json\/wp\/v2\/types\/post"}],"author":[{"embeddable":true,"href":"https:\/\/www.cordobatimes.com\/showup\/wp-json\/wp\/v2\/users\/9"}],"replies":[{"embeddable":true,"href":"https:\/\/www.cordobatimes.com\/showup\/wp-json\/wp\/v2\/comments?post=32561"}],"version-history":[{"count":0,"href":"https:\/\/www.cordobatimes.com\/showup\/wp-json\/wp\/v2\/posts\/32561\/revisions"}],"wp:featuredmedia":[{"embeddable":true,"href":"https:\/\/www.cordobatimes.com\/showup\/wp-json\/wp\/v2\/media\/32575"}],"wp:attachment":[{"href":"https:\/\/www.cordobatimes.com\/showup\/wp-json\/wp\/v2\/media?parent=32561"}],"wp:term":[{"taxonomy":"category","embeddable":true,"href":"https:\/\/www.cordobatimes.com\/showup\/wp-json\/wp\/v2\/categories?post=32561"},{"taxonomy":"post_tag","embeddable":true,"href":"https:\/\/www.cordobatimes.com\/showup\/wp-json\/wp\/v2\/tags?post=32561"}],"curies":[{"name":"wp","href":"https:\/\/api.w.org\/{rel}","templated":true}]}}