{"id":32556,"date":"2014-11-14T15:42:33","date_gmt":"2014-11-14T18:42:33","guid":{"rendered":"http:\/\/cordobatimes.com\/showup\/?p=32556"},"modified":"2020-02-02T13:20:51","modified_gmt":"2020-02-02T16:20:51","slug":"al-fin-jonas-gutierrez-y-alejandra-maglietti-se-dieron-el-primer-beso-en-publico","status":"publish","type":"post","link":"https:\/\/www.cordobatimes.com\/showup\/famosos\/2014\/11\/14\/al-fin-jonas-gutierrez-y-alejandra-maglietti-se-dieron-el-primer-beso-en-publico\/","title":{"rendered":"\u00a1Al fin! Jon\u00e1s Guti\u00e9rrez y Alejandra Maglietti se dieron el primer beso en p\u00fablico (Foto)"},"content":{"rendered":"<h3 style=\"text-align: justify;\"><strong>Luego de su lucha contra el c\u00e1ncer, el futbolista fue reconocido este jueves como Personalidad Destacada del Deporte y asisti\u00f3 junto a la bella modelo.<\/strong><\/h3>\n<p style=\"text-align: justify;\">Alejandra Maglietti lo acompa\u00f1\u00f3 y recibi\u00f3 el homenaje en el Sal\u00f3n Dorado de la Legislatura porte\u00f1a.<\/p>\n<p style=\"text-align: justify;\">Al momento de la distinci\u00f3n, el vicepresidente de la instituci\u00f3n Cristian Ritondo, manifest\u00f3: \u00abHoy reconocemos a una persona cuya integridad, esfuerzo y dedicaci\u00f3n por el f\u00fatbol han hecho de su carrera un verdadero ejemplo para todos aquellos que deseen iniciarse o que est\u00e9n desempe\u00f1\u00e1ndose en esta hermosa actividad\u00bb.<\/p>\n<p style=\"text-align: justify;\">Durante el acto, la pareja se mostr\u00f3 muy enamorada y frente a las c\u00e1maras se dieron el primer beso que vio el p\u00fablico ya que hasta el momento no se hab\u00edan besado ante los medios.<\/p>\n<h3 style=\"text-align: justify;\"><a href=\"http:\/\/cordobatimes.com\/showup\/wp-content\/uploads\/2014\/11\/jonas.jpg\"><img loading=\"lazy\" decoding=\"async\" class=\"alignnone size-full wp-image-32557\" src=\"http:\/\/cordobatimes.com\/showup\/wp-content\/uploads\/2014\/11\/jonas.jpg\" alt=\"jonas\" width=\"620\" height=\"627\" data-id=\"32557\" srcset=\"https:\/\/www.cordobatimes.com\/showup\/wp-content\/uploads\/2014\/11\/jonas.jpg 620w, https:\/\/www.cordobatimes.com\/showup\/wp-content\/uploads\/2014\/11\/jonas-296x300.jpg 296w\" sizes=\"auto, (max-width: 620px) 100vw, 620px\" \/><\/a><\/h3>\n","protected":false},"excerpt":{"rendered":"<p>Luego de su lucha contra el c\u00e1ncer, el futbolista fue reconocido este jueves como Personalidad Destacada del Deporte y asisti\u00f3 junto a la bella modelo. Alejandra Maglietti lo acompa\u00f1\u00f3 y recibi\u00f3 el homenaje en el Sal\u00f3n Dorado de la Legislatura porte\u00f1a. Al momento de la distinci\u00f3n, el vicepresidente de la instituci\u00f3n Cristian Ritondo, manifest\u00f3: \u00abHoy [&hellip;]<\/p>\n","protected":false},"author":9,"featured_media":32558,"comment_status":"closed","ping_status":"closed","sticky":false,"template":"","format":"standard","meta":{"_seopress_robots_primary_cat":"","_seopress_titles_title":"","_seopress_titles_desc":"","_seopress_robots_index":"","footnotes":""},"categories":[4],"tags":[29300,29301],"class_list":{"0":"post-32556","1":"post","2":"type-post","3":"status-publish","4":"format-standard","5":"has-post-thumbnail","7":"category-famosos","8":"tag-alejandra-maglietti-y-jonas-gutierrez","9":"tag-jonas-gutierrez-personalidad-destacada-del-deporte"},"_links":{"self":[{"href":"https:\/\/www.cordobatimes.com\/showup\/wp-json\/wp\/v2\/posts\/32556","targetHints":{"allow":["GET"]}}],"collection":[{"href":"https:\/\/www.cordobatimes.com\/showup\/wp-json\/wp\/v2\/posts"}],"about":[{"href":"https:\/\/www.cordobatimes.com\/showup\/wp-json\/wp\/v2\/types\/post"}],"author":[{"embeddable":true,"href":"https:\/\/www.cordobatimes.com\/showup\/wp-json\/wp\/v2\/users\/9"}],"replies":[{"embeddable":true,"href":"https:\/\/www.cordobatimes.com\/showup\/wp-json\/wp\/v2\/comments?post=32556"}],"version-history":[{"count":0,"href":"https:\/\/www.cordobatimes.com\/showup\/wp-json\/wp\/v2\/posts\/32556\/revisions"}],"wp:featuredmedia":[{"embeddable":true,"href":"https:\/\/www.cordobatimes.com\/showup\/wp-json\/wp\/v2\/media\/32558"}],"wp:attachment":[{"href":"https:\/\/www.cordobatimes.com\/showup\/wp-json\/wp\/v2\/media?parent=32556"}],"wp:term":[{"taxonomy":"category","embeddable":true,"href":"https:\/\/www.cordobatimes.com\/showup\/wp-json\/wp\/v2\/categories?post=32556"},{"taxonomy":"post_tag","embeddable":true,"href":"https:\/\/www.cordobatimes.com\/showup\/wp-json\/wp\/v2\/tags?post=32556"}],"curies":[{"name":"wp","href":"https:\/\/api.w.org\/{rel}","templated":true}]}}