{"id":32469,"date":"2014-11-13T15:59:30","date_gmt":"2014-11-13T18:59:30","guid":{"rendered":"http:\/\/cordobatimes.com\/showup\/?p=32469"},"modified":"2020-02-02T16:51:50","modified_gmt":"2020-02-02T19:51:50","slug":"guido-suller-recibio-el-alta-medica","status":"publish","type":"post","link":"https:\/\/www.cordobatimes.com\/showup\/famosos\/2014\/11\/13\/guido-suller-recibio-el-alta-medica\/","title":{"rendered":"Guido S\u00fcller recibi\u00f3 el alta m\u00e9dica"},"content":{"rendered":"<h3 style=\"text-align: justify;\"><strong>El reconocido medi\u00e1tico vivi\u00f3 duros d\u00edas despu\u00e9s de haber estado internado con principios de ceguera. <\/strong><\/h3>\n<p style=\"text-align: justify;\">Por suerte con el correr de los d\u00edas, el panorama fue cambiando y hoy se encuentra mucho mejor.<\/p>\n<p style=\"text-align: justify;\">Hace algunos d\u00edas Guido se encontraba internado por una repentina p\u00e9rdida de la visi\u00f3n. Los especialistas que lo recibieron en la guardia del Hospital Austral, decidieron realizar una bater\u00eda de estudios para determinar si hab\u00eda o no un problema neurol\u00f3gico.<\/p>\n<p style=\"text-align: justify;\">Lo cierto es que, tras varios d\u00edas, la evoluci\u00f3n de Guido fue favorable y los m\u00e9dicos resolvieron darle el alta aunque con indicaciones muy estricta sobre la continuidad de su tratamiento de manera ambulatoria<\/p>\n","protected":false},"excerpt":{"rendered":"<p>El reconocido medi\u00e1tico vivi\u00f3 duros d\u00edas despu\u00e9s de haber estado internado con principios de ceguera. Por suerte con el correr de los d\u00edas, el panorama fue cambiando y hoy se encuentra mucho mejor. Hace algunos d\u00edas Guido se encontraba internado por una repentina p\u00e9rdida de la visi\u00f3n. Los especialistas que lo recibieron en la guardia [&hellip;]<\/p>\n","protected":false},"author":9,"featured_media":32480,"comment_status":"closed","ping_status":"closed","sticky":false,"template":"","format":"standard","meta":{"_seopress_robots_primary_cat":"","_seopress_titles_title":"","_seopress_titles_desc":"","_seopress_robots_index":"","footnotes":""},"categories":[4],"tags":[29306],"class_list":{"0":"post-32469","1":"post","2":"type-post","3":"status-publish","4":"format-standard","5":"has-post-thumbnail","7":"category-famosos","8":"tag-guido-suller-internado-con-principios-de-ceguera"},"_links":{"self":[{"href":"https:\/\/www.cordobatimes.com\/showup\/wp-json\/wp\/v2\/posts\/32469","targetHints":{"allow":["GET"]}}],"collection":[{"href":"https:\/\/www.cordobatimes.com\/showup\/wp-json\/wp\/v2\/posts"}],"about":[{"href":"https:\/\/www.cordobatimes.com\/showup\/wp-json\/wp\/v2\/types\/post"}],"author":[{"embeddable":true,"href":"https:\/\/www.cordobatimes.com\/showup\/wp-json\/wp\/v2\/users\/9"}],"replies":[{"embeddable":true,"href":"https:\/\/www.cordobatimes.com\/showup\/wp-json\/wp\/v2\/comments?post=32469"}],"version-history":[{"count":0,"href":"https:\/\/www.cordobatimes.com\/showup\/wp-json\/wp\/v2\/posts\/32469\/revisions"}],"wp:featuredmedia":[{"embeddable":true,"href":"https:\/\/www.cordobatimes.com\/showup\/wp-json\/wp\/v2\/media\/32480"}],"wp:attachment":[{"href":"https:\/\/www.cordobatimes.com\/showup\/wp-json\/wp\/v2\/media?parent=32469"}],"wp:term":[{"taxonomy":"category","embeddable":true,"href":"https:\/\/www.cordobatimes.com\/showup\/wp-json\/wp\/v2\/categories?post=32469"},{"taxonomy":"post_tag","embeddable":true,"href":"https:\/\/www.cordobatimes.com\/showup\/wp-json\/wp\/v2\/tags?post=32469"}],"curies":[{"name":"wp","href":"https:\/\/api.w.org\/{rel}","templated":true}]}}