{"id":32442,"date":"2014-11-13T15:53:32","date_gmt":"2014-11-13T18:53:32","guid":{"rendered":"http:\/\/cordobatimes.com\/showup\/?p=32442"},"modified":"2020-02-02T19:33:02","modified_gmt":"2020-02-02T22:33:02","slug":"mora-godoy-sera-nombrada-personalidad-destacada-de-la-cultura","status":"publish","type":"post","link":"https:\/\/www.cordobatimes.com\/showup\/famosos\/2014\/11\/13\/mora-godoy-sera-nombrada-personalidad-destacada-de-la-cultura\/","title":{"rendered":"Mora Godoy ser\u00e1 nombrada Personalidad Destacada de la Cultura"},"content":{"rendered":"<h3 style=\"text-align: justify;\"><strong>La reconocida bailarina recibir\u00e1 la menci\u00f3n \u00a0el pr\u00f3ximo viernes 14 de noviembre a las 18:00 horas en el Sal\u00f3n Dorado de la Legislatura Porte\u00f1a.<\/strong><\/h3>\n<p style=\"text-align: justify;\">Mora Godoy tiene m\u00e1s de diez a\u00f1os de trayectoria nacional e internacional, y con su compa\u00f1\u00eda de tango \u00abMora Godoy Tango Company\u00bb llev\u00f3 el arte popular argentino a rincones del planeta donde jam\u00e1s hab\u00eda llegado un espect\u00e1culo de tango.<\/p>\n<p style=\"text-align: justify;\">Desde hace mucho tiempo es considerada la gran embajadora argentina de la danza del 2&#215;4 represent\u00e1ndonos en los m\u00e1s importantes y prestigiosos escenarios de todo el mundo.<\/p>\n<p style=\"text-align: justify;\">\n","protected":false},"excerpt":{"rendered":"<p>La reconocida bailarina recibir\u00e1 la menci\u00f3n \u00a0el pr\u00f3ximo viernes 14 de noviembre a las 18:00 horas en el Sal\u00f3n Dorado de la Legislatura Porte\u00f1a. Mora Godoy tiene m\u00e1s de diez a\u00f1os de trayectoria nacional e internacional, y con su compa\u00f1\u00eda de tango \u00abMora Godoy Tango Company\u00bb llev\u00f3 el arte popular argentino a rincones del planeta [&hellip;]<\/p>\n","protected":false},"author":9,"featured_media":32476,"comment_status":"closed","ping_status":"closed","sticky":false,"template":"","format":"standard","meta":{"_seopress_robots_primary_cat":"","_seopress_titles_title":"","_seopress_titles_desc":"","_seopress_robots_index":"","footnotes":""},"categories":[4],"tags":[29289],"class_list":{"0":"post-32442","1":"post","2":"type-post","3":"status-publish","4":"format-standard","5":"has-post-thumbnail","7":"category-famosos","8":"tag-mora-godoy-personalidad-destacada-de-la-cultura"},"_links":{"self":[{"href":"https:\/\/www.cordobatimes.com\/showup\/wp-json\/wp\/v2\/posts\/32442","targetHints":{"allow":["GET"]}}],"collection":[{"href":"https:\/\/www.cordobatimes.com\/showup\/wp-json\/wp\/v2\/posts"}],"about":[{"href":"https:\/\/www.cordobatimes.com\/showup\/wp-json\/wp\/v2\/types\/post"}],"author":[{"embeddable":true,"href":"https:\/\/www.cordobatimes.com\/showup\/wp-json\/wp\/v2\/users\/9"}],"replies":[{"embeddable":true,"href":"https:\/\/www.cordobatimes.com\/showup\/wp-json\/wp\/v2\/comments?post=32442"}],"version-history":[{"count":0,"href":"https:\/\/www.cordobatimes.com\/showup\/wp-json\/wp\/v2\/posts\/32442\/revisions"}],"wp:featuredmedia":[{"embeddable":true,"href":"https:\/\/www.cordobatimes.com\/showup\/wp-json\/wp\/v2\/media\/32476"}],"wp:attachment":[{"href":"https:\/\/www.cordobatimes.com\/showup\/wp-json\/wp\/v2\/media?parent=32442"}],"wp:term":[{"taxonomy":"category","embeddable":true,"href":"https:\/\/www.cordobatimes.com\/showup\/wp-json\/wp\/v2\/categories?post=32442"},{"taxonomy":"post_tag","embeddable":true,"href":"https:\/\/www.cordobatimes.com\/showup\/wp-json\/wp\/v2\/tags?post=32442"}],"curies":[{"name":"wp","href":"https:\/\/api.w.org\/{rel}","templated":true}]}}