{"id":32427,"date":"2014-11-12T18:31:36","date_gmt":"2014-11-12T21:31:36","guid":{"rendered":"http:\/\/cordobatimes.com\/showup\/?p=32427"},"modified":"2020-02-02T19:56:35","modified_gmt":"2020-02-02T22:56:35","slug":"llega-a-la-television-elegidos-la-musica-en-tus-manos","status":"publish","type":"post","link":"https:\/\/www.cordobatimes.com\/showup\/tv\/2014\/11\/12\/llega-a-la-television-elegidos-la-musica-en-tus-manos\/","title":{"rendered":"Llega a la televisi\u00f3n \u00abElegidos, la m\u00fasica en tus manos\u00bb"},"content":{"rendered":"<h3 style=\"text-align: justify;\"><strong>El nuevo ciclo promete ser el \u00e9xito del verano como una nueva apuesta de reality de talentos.\u00a0<\/strong><\/h3>\n<p style=\"text-align: justify;\">Entre el 15 y el 30 de noviembre, a trav\u00e9s del sitio www.telefe.com\/elegidos, todas aquellas personas mayores a 16 a\u00f1os que sientan que la m\u00fasica es parte de su vida y quieran expresar todo su talento cantando, deber\u00e1n completar un formulario y subir a la web un video demostrando porqu\u00e9 pueden ser uno de los \u201cElegidos\u201d.<\/p>\n<p style=\"text-align: justify;\">\u201cElegidos, la m\u00fasica en tus manos\u201d es un reality de m\u00fasica totalmente innovador e impactante, donde el p\u00fablico podr\u00e1 elegir la futura estrella de la m\u00fasica.<\/p>\n<p style=\"text-align: justify;\">Durante la primera etapa los postulantes deber\u00e1n demostrar actitud, carisma y capacidad para enfrentar en una audici\u00f3n al jurado, integrado por cuatro reconocidas figuras, y convencerlos de que pueden ser parte de \u201cElegidos\u201d.<\/p>\n<p style=\"text-align: justify;\">Una vez comenzadas las galas, los participantes deber\u00e1n cantar en vivo. El p\u00fablico desde sus casas, con su tel\u00e9fono o tablet y utilizando una aplicaci\u00f3n, decidir\u00e1 si el participante pasa a la siguiente etapa o queda eliminado.<\/p>\n<p style=\"text-align: justify;\">\u201cElegidos, la m\u00fasica en tus manos\u201d contar\u00e1 con la conducci\u00f3n de Marley y podremos verlo muy pronto por Telefe.<\/p>\n","protected":false},"excerpt":{"rendered":"<p>El nuevo ciclo promete ser el \u00e9xito del verano como una nueva apuesta de reality de talentos.\u00a0 Entre el 15 y el 30 de noviembre, a trav\u00e9s del sitio www.telefe.com\/elegidos, todas aquellas personas mayores a 16 a\u00f1os que sientan que la m\u00fasica es parte de su vida y quieran expresar todo su talento cantando, deber\u00e1n [&hellip;]<\/p>\n","protected":false},"author":9,"featured_media":32432,"comment_status":"closed","ping_status":"closed","sticky":false,"template":"","format":"standard","meta":{"_seopress_robots_primary_cat":"","_seopress_titles_title":"","_seopress_titles_desc":"","_seopress_robots_index":"","footnotes":""},"categories":[2],"tags":[29308],"class_list":{"0":"post-32427","1":"post","2":"type-post","3":"status-publish","4":"format-standard","5":"has-post-thumbnail","7":"category-tv","8":"tag-elegidos-la-musica-en-tus-manos"},"_links":{"self":[{"href":"https:\/\/www.cordobatimes.com\/showup\/wp-json\/wp\/v2\/posts\/32427","targetHints":{"allow":["GET"]}}],"collection":[{"href":"https:\/\/www.cordobatimes.com\/showup\/wp-json\/wp\/v2\/posts"}],"about":[{"href":"https:\/\/www.cordobatimes.com\/showup\/wp-json\/wp\/v2\/types\/post"}],"author":[{"embeddable":true,"href":"https:\/\/www.cordobatimes.com\/showup\/wp-json\/wp\/v2\/users\/9"}],"replies":[{"embeddable":true,"href":"https:\/\/www.cordobatimes.com\/showup\/wp-json\/wp\/v2\/comments?post=32427"}],"version-history":[{"count":0,"href":"https:\/\/www.cordobatimes.com\/showup\/wp-json\/wp\/v2\/posts\/32427\/revisions"}],"wp:featuredmedia":[{"embeddable":true,"href":"https:\/\/www.cordobatimes.com\/showup\/wp-json\/wp\/v2\/media\/32432"}],"wp:attachment":[{"href":"https:\/\/www.cordobatimes.com\/showup\/wp-json\/wp\/v2\/media?parent=32427"}],"wp:term":[{"taxonomy":"category","embeddable":true,"href":"https:\/\/www.cordobatimes.com\/showup\/wp-json\/wp\/v2\/categories?post=32427"},{"taxonomy":"post_tag","embeddable":true,"href":"https:\/\/www.cordobatimes.com\/showup\/wp-json\/wp\/v2\/tags?post=32427"}],"curies":[{"name":"wp","href":"https:\/\/api.w.org\/{rel}","templated":true}]}}