{"id":32425,"date":"2014-11-12T18:45:42","date_gmt":"2014-11-12T21:45:42","guid":{"rendered":"http:\/\/cordobatimes.com\/showup\/?p=32425"},"modified":"2024-01-14T21:12:33","modified_gmt":"2024-01-15T00:12:33","slug":"pol-ka-festeja-sus-20-anos-al-aire","status":"publish","type":"post","link":"https:\/\/www.cordobatimes.com\/showup\/tv\/2014\/11\/12\/pol-ka-festeja-sus-20-anos-al-aire\/","title":{"rendered":"Pol-Ka festeja sus 20 a\u00f1os al aire"},"content":{"rendered":"<h3 style=\"text-align: justify;\"><strong>La noche del mi\u00e9rcoles a las 22.15, El Trece festeja \u00a0con un programa especial, en vivo, el cumplea\u00f1os de la productora.\u00a0<\/strong><\/h3>\n<p style=\"text-align: justify;\">El evento contar\u00e1 con la conducci\u00f3n de Nicol\u00e1s Repetto y la presencia de Adri\u00e1n Suar y, durante la emisi\u00f3n, se repasar\u00e1 la historia de la productora, desde sus inicios \u2013con Poliladron- hasta la actualidad.<\/p>\n<p style=\"text-align: justify;\">Adem\u00e1s, muchos de los actores y actrices que dieron vida a esas ficciones estar\u00e1n presentes para revivir momentos, evocar recuerdos y contar an\u00e9cdotas de las tantas horas de grabaci\u00f3n compartidas en el set.<\/p>\n<p style=\"text-align: justify;\">A trav\u00e9s de la web se puede ver el crecimiento de Pol-ka a lo largo de estos 20 a\u00f1os:<\/p>\n<p style=\"text-align: justify;\">\u2013 55 programas producidos para la Argentina, desde sus inicios.<\/p>\n<p style=\"text-align: justify;\">\u2013 20 producciones realizadas por Pol-ka para el mercado externo, tales como \u201cEpitafios\u201d, \u201cAmas de casa desesperadas\u201d y las trestemporadas de \u201cVioletta\u201d.<\/p>\n<p style=\"text-align: justify;\">\u2013 6.000 hs. de programaci\u00f3n, liderando el prime time de El Trece.<\/p>\n<p style=\"text-align: justify;\">\u2013 10 pel\u00edculas producidas, entreellas \u201cEl hijo de la Novia\u201d, nominada al Oscar.<br \/>\n\u2013 6.000 mts2 ocupan los estudiosque tiene la productora en su sede central.<\/p>\n<p style=\"text-align: justify;\">\u2013 40.000 mts2 mide el predio en el que se ubican los Estudios Baires (de su propiedad) en Don Torcuato.<\/p>\n<p style=\"text-align: justify;\">\u2013 M\u00e1s de 100 premios \u201cMart\u00ednFierro\u201d tiene Pol-ka en su haber, incluyendo \u201cMart\u00edn Fierro de Oro\u201d por \u201cCulpables\u201d, \u201cPadre Coraje\u201d, \u201cMujeres Asesinas\u201d, \u201cTratame bien\u201d, \u201cPara Vestir Santos\u201d, \u201cEl Puntero\u201d.<\/p>\n<p style=\"text-align: justify;\">\u2013 M\u00e1s de 500 empleados son los que trabajan en la planta permanente de Pol-ka.<\/p>\n","protected":false},"excerpt":{"rendered":"<p>La noche del mi\u00e9rcoles a las 22.15, El Trece festeja \u00a0con un programa especial, en vivo, el cumplea\u00f1os de la productora.\u00a0 El evento contar\u00e1 con la conducci\u00f3n de Nicol\u00e1s Repetto y la presencia de Adri\u00e1n Suar y, durante la emisi\u00f3n, se repasar\u00e1 la historia de la productora, desde sus inicios \u2013con Poliladron- hasta la actualidad. [&hellip;]<\/p>\n","protected":false},"author":9,"featured_media":32434,"comment_status":"closed","ping_status":"closed","sticky":false,"template":"","format":"standard","meta":{"_seopress_robots_primary_cat":"","_seopress_titles_title":"","_seopress_titles_desc":"","_seopress_robots_index":"","footnotes":""},"categories":[2],"tags":[10507,452],"class_list":{"0":"post-32425","1":"post","2":"type-post","3":"status-publish","4":"format-standard","5":"has-post-thumbnail","7":"category-tv","8":"tag-20-anos-de-pol-ka","9":"tag-pol-ka"},"_links":{"self":[{"href":"https:\/\/www.cordobatimes.com\/showup\/wp-json\/wp\/v2\/posts\/32425","targetHints":{"allow":["GET"]}}],"collection":[{"href":"https:\/\/www.cordobatimes.com\/showup\/wp-json\/wp\/v2\/posts"}],"about":[{"href":"https:\/\/www.cordobatimes.com\/showup\/wp-json\/wp\/v2\/types\/post"}],"author":[{"embeddable":true,"href":"https:\/\/www.cordobatimes.com\/showup\/wp-json\/wp\/v2\/users\/9"}],"replies":[{"embeddable":true,"href":"https:\/\/www.cordobatimes.com\/showup\/wp-json\/wp\/v2\/comments?post=32425"}],"version-history":[{"count":0,"href":"https:\/\/www.cordobatimes.com\/showup\/wp-json\/wp\/v2\/posts\/32425\/revisions"}],"wp:featuredmedia":[{"embeddable":true,"href":"https:\/\/www.cordobatimes.com\/showup\/wp-json\/wp\/v2\/media\/32434"}],"wp:attachment":[{"href":"https:\/\/www.cordobatimes.com\/showup\/wp-json\/wp\/v2\/media?parent=32425"}],"wp:term":[{"taxonomy":"category","embeddable":true,"href":"https:\/\/www.cordobatimes.com\/showup\/wp-json\/wp\/v2\/categories?post=32425"},{"taxonomy":"post_tag","embeddable":true,"href":"https:\/\/www.cordobatimes.com\/showup\/wp-json\/wp\/v2\/tags?post=32425"}],"curies":[{"name":"wp","href":"https:\/\/api.w.org\/{rel}","templated":true}]}}