{"id":3226,"date":"2013-11-14T21:03:43","date_gmt":"2013-11-15T00:03:43","guid":{"rendered":"http:\/\/cordobatimes.com\/showup\/?p=3226"},"modified":"2020-01-12T08:36:09","modified_gmt":"2020-01-12T11:36:09","slug":"el-regreso-de-thor-el-dios-trueno","status":"publish","type":"post","link":"https:\/\/www.cordobatimes.com\/showup\/cine-y-series\/2013\/11\/14\/el-regreso-de-thor-el-dios-trueno\/","title":{"rendered":"El regreso de \u00abThor, el dios trueno\u00bb"},"content":{"rendered":"<h3 style=\"text-align: justify;\"><strong>El superh\u00e9roe del martillo regresa a la gran pantalla para defender al mundo nuevamente de la oscuridad. Fan\u00e1ticos, les contamos todo sobre este estreno.<\/strong><\/h3>\n<p style=\"text-align: justify;\">Thor, llega por segunda vez a las salas cordobesas, sumando un nuevo sat\u00e9lite al mundialmente popular universo cinematogr\u00e1fico de Marvel, que espera sumar un nuevo \u00e9xito de taquilla como lo fueron \u201cLos Vengadores\u201d y \u201cIron Man 3\u201d.<\/p>\n<p style=\"text-align: justify;\">De esta manera\u201cThor: Un mundo oscuro\u201d es la continuaci\u00f3n del primer \u201cThor\u201d, dirigido en 2011 por el brit\u00e1nico Kenneth Branagh, pero al mismo tiempo sigue a \u201cLos Vengadores\u201d, pel\u00edcula a la que \u201cThor 2\u201d hace clara referencia y que tendr\u00e1 su propia secuela en 2015, manteniendo un paralelismo, sin perder la independencia entre las historias.<\/p>\n<p style=\"text-align: justify;\">\u201cThor: un mundo oscuro\u201d llega adem\u00e1s siete meses despu\u00e9s del estreno de \u201cIron Man 3\u201d, y cinco meses antes de que la secuela de \u201cCapit\u00e1n Am\u00e9rica\u201d llegue al cine, lo que asegura una presencia continuada en los corazones -y los bolsillos- de sus fans de estos superh\u00e9roes.<\/p>\n<p style=\"text-align: justify;\">El elenco de la primera pel\u00edcula vuelve completo otra vez: el australiano Chris Hemsworth en el papel del musculoso dios due\u00f1o de un poderoso martillo, Anthony Hopkins en el de su padre Od\u00edn, Natalie Portman en la piel de su amada Jane Foster y Tom Hiddleston como Loki, la oveja negra de la familia.<\/p>\n<p style=\"text-align: justify;\">El director Alan Taylor, conocido por sus trabajos en Oz\u201d, \u201cSex &amp; the City\u201d, \u201cLos Soprano\u201d, \u201cLost\u201d, \u201cMad Men\u201d y \u201cJuego de tronos\u201d, ocup\u00f3 ahora el lugar de Kenneth Branagh en la direcci\u00f3n.<\/p>\n<p style=\"text-align: justify;\">\u00abAmbos nos dieron una gran libertad creativa y nos dejaron aportar nuestra contribuci\u00f3n a la creaci\u00f3n de los personajes. Siempre es mejor trabajar en equipo, en lugar de hacerlo con un dictador\u201d, dijo Jaimie Alexander, la \u00fanica guardaespaldas mujer de Thor.<\/p>\n<p style=\"text-align: justify;\">Cuando se le pidi\u00f3 que describiera las peculiaridades de cada director, la actriz se\u00f1al\u00f3 que \u201cBranagh cre\u00f3 las bases de la pel\u00edcula, sobre las cuales construir todo el resto. Es un gran l\u00edder y le dio a la cinta su propio sentido del humor. Hab\u00eda algo shakespereano en la primera parte\u201d.<\/p>\n<p style=\"text-align: justify;\">\u201cLa segunda pel\u00edcula tiene una tonalidad m\u00e1s sombr\u00eda, tal vez Alan le insufl\u00f3 un poco del estilo que tiene \u2018Juego de tronos\u2019. Las escenas de combates son incre\u00edbles, afirm\u00f3.<\/p>\n<p style=\"text-align: justify;\">Alan Taylor prest\u00f3 especial atenci\u00f3n a la escena de la pelea final, que desempe\u00f1a brillantemente en mundos y dimensiones paralelas, en un ballet asombroso y a menudo divertido.<\/p>\n<p style=\"text-align: justify;\">Tambi\u00e9n retom\u00f3 varias ideas de la primera parte, incluyendo el efecto c\u00f3mico que genera la presencia de alguien como Thor, un dios de capa roja y martillo dorado, en lugares demasiado terrenales para \u00e9l, como el metro londinense en la actualidad.<\/p>\n<p style=\"text-align: justify;\">Desde hoy jueves, pod\u00e9s verla en todas las salas de cine de C\u00f3rdoba.<\/p>\n<p>\u00a0<iframe loading=\"lazy\" src=\"\/\/www.youtube.com\/embed\/wyaK5HoeBJU\" width=\"560\" height=\"315\" frameborder=\"0\" allowfullscreen=\"allowfullscreen\"><\/iframe><\/p>\n","protected":false},"excerpt":{"rendered":"<p>El superh\u00e9roe del martillo regresa a la gran pantalla para defender al mundo nuevamente de la oscuridad. Fan\u00e1ticos, les contamos todo sobre este estreno. Thor, llega por segunda vez a las salas cordobesas, sumando un nuevo sat\u00e9lite al mundialmente popular universo cinematogr\u00e1fico de Marvel, que espera sumar un nuevo \u00e9xito de taquilla como lo fueron [&hellip;]<\/p>\n","protected":false},"author":8,"featured_media":74982,"comment_status":"closed","ping_status":"closed","sticky":false,"template":"","format":"standard","meta":{"_seopress_robots_primary_cat":"","_seopress_titles_title":"","_seopress_titles_desc":"","_seopress_robots_index":"","footnotes":""},"categories":[3],"tags":[26376,265],"class_list":{"0":"post-3226","1":"post","2":"type-post","3":"status-publish","4":"format-standard","5":"has-post-thumbnail","7":"category-cine-y-series","8":"tag-thor-el-dios-trueno","9":"tag-thor-un-mundo-oscuro"},"_links":{"self":[{"href":"https:\/\/www.cordobatimes.com\/showup\/wp-json\/wp\/v2\/posts\/3226","targetHints":{"allow":["GET"]}}],"collection":[{"href":"https:\/\/www.cordobatimes.com\/showup\/wp-json\/wp\/v2\/posts"}],"about":[{"href":"https:\/\/www.cordobatimes.com\/showup\/wp-json\/wp\/v2\/types\/post"}],"author":[{"embeddable":true,"href":"https:\/\/www.cordobatimes.com\/showup\/wp-json\/wp\/v2\/users\/8"}],"replies":[{"embeddable":true,"href":"https:\/\/www.cordobatimes.com\/showup\/wp-json\/wp\/v2\/comments?post=3226"}],"version-history":[{"count":0,"href":"https:\/\/www.cordobatimes.com\/showup\/wp-json\/wp\/v2\/posts\/3226\/revisions"}],"wp:featuredmedia":[{"embeddable":true,"href":"https:\/\/www.cordobatimes.com\/showup\/wp-json\/wp\/v2\/media\/74982"}],"wp:attachment":[{"href":"https:\/\/www.cordobatimes.com\/showup\/wp-json\/wp\/v2\/media?parent=3226"}],"wp:term":[{"taxonomy":"category","embeddable":true,"href":"https:\/\/www.cordobatimes.com\/showup\/wp-json\/wp\/v2\/categories?post=3226"},{"taxonomy":"post_tag","embeddable":true,"href":"https:\/\/www.cordobatimes.com\/showup\/wp-json\/wp\/v2\/tags?post=3226"}],"curies":[{"name":"wp","href":"https:\/\/api.w.org\/{rel}","templated":true}]}}