{"id":32207,"date":"2014-11-08T17:03:07","date_gmt":"2014-11-08T20:03:07","guid":{"rendered":"http:\/\/cordobatimes.com\/showup\/?p=32207"},"modified":"2020-02-03T08:42:35","modified_gmt":"2020-02-03T11:42:35","slug":"gustavo-bermudez-se-muda-a-el-trece","status":"publish","type":"post","link":"https:\/\/www.cordobatimes.com\/showup\/tv\/2014\/11\/08\/gustavo-bermudez-se-muda-a-el-trece\/","title":{"rendered":"Gustavo Berm\u00fadez \u00bfse muda a El Trece?"},"content":{"rendered":"<h3 style=\"text-align: justify;\"><strong>El actor \u00a0asegur\u00f3 que est\u00e1 en tratativas para realizar una ficci\u00f3n en Canal 13 en 2015<\/strong><\/h3>\n<p style=\"text-align: justify;\">\u201cEstamos cerrando con Suar para la segunda mitad del a\u00f1o que viene\u201d. Pese a eso, prefiri\u00f3 guardarse los detalles sobre la propuesta y aclar\u00f3 que a\u00fan no est\u00e1 definido el rol protag\u00f3nico femenino.<\/p>\n<p style=\"text-align: justify;\">En di\u00e1logo con La Once Diez\/Radio de la Ciudad asegur\u00f3 que hay posibilidades de que este verano haga una obra en Villa Carlos Paz, pero desminti\u00f3 que vaya a ser con Alejandro Awada: \u201cSali\u00f3 eso publicado, pero no. Ser\u00eda una comedia. Ya est\u00e1 casi todo listo, pero hasta que est\u00e9 firmado no lo quiero decir. Tengo ganas de estar en C\u00f3rdoba. Desde chico que no voy, es una provincia que quiero much\u00edsimo. Si se dan las cosas, ah\u00ed estar\u00e9\u201d.<\/p>\n<p style=\"text-align: justify;\">Berm\u00fadez se\u00f1al\u00f3 que a la hora de definirse por una oferta laboral lo principal no es el dinero sino la propuesta y el tiempo que le va a llevar: \u201cA veces es preferible tener un ingreso menor o vivir m\u00e1s ajustado que no pasarla bien con el d\u00eda a d\u00eda. El d\u00eda a d\u00eda es nuestra vida. Las peores cosas que he hecho fue cuando en la balanza pesaba m\u00e1s el dinero\u201d.<\/p>\n","protected":false},"excerpt":{"rendered":"<p>El actor \u00a0asegur\u00f3 que est\u00e1 en tratativas para realizar una ficci\u00f3n en Canal 13 en 2015 \u201cEstamos cerrando con Suar para la segunda mitad del a\u00f1o que viene\u201d. Pese a eso, prefiri\u00f3 guardarse los detalles sobre la propuesta y aclar\u00f3 que a\u00fan no est\u00e1 definido el rol protag\u00f3nico femenino. En di\u00e1logo con La Once Diez\/Radio [&hellip;]<\/p>\n","protected":false},"author":9,"featured_media":32231,"comment_status":"closed","ping_status":"closed","sticky":false,"template":"","format":"standard","meta":{"_seopress_robots_primary_cat":"","_seopress_titles_title":"","_seopress_titles_desc":"","_seopress_robots_index":"","footnotes":""},"categories":[2],"tags":[29334],"class_list":{"0":"post-32207","1":"post","2":"type-post","3":"status-publish","4":"format-standard","5":"has-post-thumbnail","7":"category-tv","8":"tag-carrera-de-gustavo-bermudez"},"_links":{"self":[{"href":"https:\/\/www.cordobatimes.com\/showup\/wp-json\/wp\/v2\/posts\/32207","targetHints":{"allow":["GET"]}}],"collection":[{"href":"https:\/\/www.cordobatimes.com\/showup\/wp-json\/wp\/v2\/posts"}],"about":[{"href":"https:\/\/www.cordobatimes.com\/showup\/wp-json\/wp\/v2\/types\/post"}],"author":[{"embeddable":true,"href":"https:\/\/www.cordobatimes.com\/showup\/wp-json\/wp\/v2\/users\/9"}],"replies":[{"embeddable":true,"href":"https:\/\/www.cordobatimes.com\/showup\/wp-json\/wp\/v2\/comments?post=32207"}],"version-history":[{"count":0,"href":"https:\/\/www.cordobatimes.com\/showup\/wp-json\/wp\/v2\/posts\/32207\/revisions"}],"wp:featuredmedia":[{"embeddable":true,"href":"https:\/\/www.cordobatimes.com\/showup\/wp-json\/wp\/v2\/media\/32231"}],"wp:attachment":[{"href":"https:\/\/www.cordobatimes.com\/showup\/wp-json\/wp\/v2\/media?parent=32207"}],"wp:term":[{"taxonomy":"category","embeddable":true,"href":"https:\/\/www.cordobatimes.com\/showup\/wp-json\/wp\/v2\/categories?post=32207"},{"taxonomy":"post_tag","embeddable":true,"href":"https:\/\/www.cordobatimes.com\/showup\/wp-json\/wp\/v2\/tags?post=32207"}],"curies":[{"name":"wp","href":"https:\/\/api.w.org\/{rel}","templated":true}]}}