{"id":32157,"date":"2014-11-07T16:42:53","date_gmt":"2014-11-07T19:42:53","guid":{"rendered":"http:\/\/cordobatimes.com\/showup\/?p=32157"},"modified":"2020-02-03T08:48:46","modified_gmt":"2020-02-03T11:48:46","slug":"rick-de-the-walking-dead-busca-la-paz","status":"publish","type":"post","link":"https:\/\/www.cordobatimes.com\/showup\/cine-y-series\/2014\/11\/07\/rick-de-the-walking-dead-busca-la-paz\/","title":{"rendered":"Rick de \u00abThe Walking Dead\u00bb busca la paz"},"content":{"rendered":"<h3 style=\"text-align: justify;\"><strong>A tres episodios del final de la primera mitad de la quinta temporada, AMC ha desvelado el t\u00edtulo y la sinopsis oficial del octavo cap\u00edtulo que mantendr\u00e1 en vilo a sus seguidores hasta el 8 de febrero, fecha en la que se emitir\u00e1 el noveno.<\/strong><\/h3>\n<p style=\"text-align: justify;\">El pr\u00f3ximo domingo 9 de noviembre ver\u00e1 la luz Self Help, el quinto cap\u00edtulo. A este le seguir\u00e1n Consumed y Crossed, que preparar\u00e1n a los fans de The Walking Dead para el \u00faltimo episodio de la primera mitad de la quinta tanda: Coda.<\/p>\n<p style=\"text-align: justify;\">\u00abNuevos enemigos con sus propias reglas que hacen caso omiso a la moral. Rick busca un acuerdo pac\u00edfico para solventar los problemas, pero los enemigos parecen preferir una soluci\u00f3n m\u00e1s violenta\u00bb, revela la sinopsis oficial.<\/p>\n<p style=\"text-align: justify;\">Slabtown, el \u00faltimo episodio emitido hasta la fecha, se centr\u00f3 en Beth Greene (Emily Kinney) y en el grupo de supervivientes del Hospital Grady Memorial, liderado por Dawn Lerner (Christine Woods). Pero, al final del episodio apareci\u00f3 otro de los protagonistas de la serie, Carol (Melissa McBride).<\/p>\n<p style=\"text-align: justify;\">Teniendo en cuenta esto y que en el s\u00e9ptimo cap\u00edtulo parte del grupo de supervivientes liderado por Rick (Andrew Lincoln) emprender\u00e1n una \u00abmisi\u00f3n de rescate\u00bb, los enemigos de los que habla la sinopsis seguramente son el grupo de supervivientes del Hospital Grady Memorial.<\/p>\n<p style=\"text-align: justify;\">El enfrentamiento entre Rick y Dawn parece inminente, y a pesar de que el l\u00edder de los supervivientes busca una soluci\u00f3n pac\u00edfica, el grupo del Hospital tiene una forma muy particular y estricta de hacer frente a las deudas.<\/p>\n<p style=\"text-align: justify;\">\n","protected":false},"excerpt":{"rendered":"<p>A tres episodios del final de la primera mitad de la quinta temporada, AMC ha desvelado el t\u00edtulo y la sinopsis oficial del octavo cap\u00edtulo que mantendr\u00e1 en vilo a sus seguidores hasta el 8 de febrero, fecha en la que se emitir\u00e1 el noveno. El pr\u00f3ximo domingo 9 de noviembre ver\u00e1 la luz Self [&hellip;]<\/p>\n","protected":false},"author":9,"featured_media":32176,"comment_status":"closed","ping_status":"closed","sticky":false,"template":"","format":"standard","meta":{"_seopress_robots_primary_cat":"","_seopress_titles_title":"","_seopress_titles_desc":"","_seopress_robots_index":"","footnotes":""},"categories":[3],"tags":[7693,3780,2355,2354,3779],"class_list":{"0":"post-32157","1":"post","2":"type-post","3":"status-publish","4":"format-standard","5":"has-post-thumbnail","7":"category-cine-y-series","8":"tag-5ta-temporada-de-the-walking-dead","9":"tag-amc","10":"tag-rick","11":"tag-the-walking-dead","12":"tag-twd"},"_links":{"self":[{"href":"https:\/\/www.cordobatimes.com\/showup\/wp-json\/wp\/v2\/posts\/32157","targetHints":{"allow":["GET"]}}],"collection":[{"href":"https:\/\/www.cordobatimes.com\/showup\/wp-json\/wp\/v2\/posts"}],"about":[{"href":"https:\/\/www.cordobatimes.com\/showup\/wp-json\/wp\/v2\/types\/post"}],"author":[{"embeddable":true,"href":"https:\/\/www.cordobatimes.com\/showup\/wp-json\/wp\/v2\/users\/9"}],"replies":[{"embeddable":true,"href":"https:\/\/www.cordobatimes.com\/showup\/wp-json\/wp\/v2\/comments?post=32157"}],"version-history":[{"count":0,"href":"https:\/\/www.cordobatimes.com\/showup\/wp-json\/wp\/v2\/posts\/32157\/revisions"}],"wp:featuredmedia":[{"embeddable":true,"href":"https:\/\/www.cordobatimes.com\/showup\/wp-json\/wp\/v2\/media\/32176"}],"wp:attachment":[{"href":"https:\/\/www.cordobatimes.com\/showup\/wp-json\/wp\/v2\/media?parent=32157"}],"wp:term":[{"taxonomy":"category","embeddable":true,"href":"https:\/\/www.cordobatimes.com\/showup\/wp-json\/wp\/v2\/categories?post=32157"},{"taxonomy":"post_tag","embeddable":true,"href":"https:\/\/www.cordobatimes.com\/showup\/wp-json\/wp\/v2\/tags?post=32157"}],"curies":[{"name":"wp","href":"https:\/\/api.w.org\/{rel}","templated":true}]}}