{"id":32126,"date":"2014-11-07T14:35:13","date_gmt":"2014-11-07T17:35:13","guid":{"rendered":"http:\/\/cordobatimes.com\/showup\/?p=32126"},"modified":"2020-02-03T09:15:02","modified_gmt":"2020-02-03T12:15:02","slug":"se-caso-marcela-kloosterboer","status":"publish","type":"post","link":"https:\/\/www.cordobatimes.com\/showup\/famosos\/2014\/11\/07\/se-caso-marcela-kloosterboer\/","title":{"rendered":"Se cas\u00f3 Marcela Kloosterboer"},"content":{"rendered":"<p style=\"text-align: justify;\">\n<h3 style=\"text-align: justify;\"><strong>La actriz y el licenciado en Administraci\u00f3n de Empresas y exrugbier Fernando Sieling ya son marido y mujer.<\/strong><\/h3>\n<p style=\"text-align: justify;\">Despu\u00e9s de 6 a\u00f1os de noviazgo y 2 de convivencia, la pareja sell\u00f3 su amor en el Registro Civil de Olivos, cerca de donde viven.<\/p>\n<p style=\"text-align: justify;\">A la salida, familiares y amigos esperaron a la pareja en el medio de saltos y cantos.<\/p>\n<p style=\"text-align: justify;\">\u201cEstamos muy felices, gracias por venir. La ceremonia estuvo muy linda, muy emotiva. Hablaron nuestros seres queridos\u201d, dijo Marcela ante la c\u00e1mara de TN.<\/p>\n<p style=\"text-align: justify;\">El festejo sea realizar\u00e1 de manera \u00edntima junto a sus familiares y amigos.<\/p>\n<p style=\"text-align: justify;\">\u201cCon Fernando nos complementamos como personas y nos acompa\u00f1amos mucho como pareja sin perder la independencia\u201d, hab\u00eda declarado Marcela a \u00a1Hola!<\/p>\n<p style=\"text-align: justify;\">D\u00edas atr\u00e1s, la actriz public\u00f3, en Twitter, que el paso por la iglesia lo dar\u00e1 el 15 de noviembre. \u201c\u00a1Para los que preguntan! \u00a1Si me voy a casar el 15 de noviembre!! No voy a decir la iglesia por privacidad de nosotros\u201d, dijo.<\/p>\n<p><a href=\"http:\/\/cordobatimes.com\/showup\/wp-content\/uploads\/2014\/11\/marcela-2.jpg\"><img loading=\"lazy\" decoding=\"async\" class=\"alignnone size-full wp-image-32127\" src=\"http:\/\/cordobatimes.com\/showup\/wp-content\/uploads\/2014\/11\/marcela-2.jpg\" alt=\"marcela 2\" width=\"630\" height=\"432\" data-id=\"32127\" srcset=\"https:\/\/www.cordobatimes.com\/showup\/wp-content\/uploads\/2014\/11\/marcela-2.jpg 630w, https:\/\/www.cordobatimes.com\/showup\/wp-content\/uploads\/2014\/11\/marcela-2-300x205.jpg 300w\" sizes=\"auto, (max-width: 630px) 100vw, 630px\" \/><\/a><\/p>\n","protected":false},"excerpt":{"rendered":"<p>La actriz y el licenciado en Administraci\u00f3n de Empresas y exrugbier Fernando Sieling ya son marido y mujer. Despu\u00e9s de 6 a\u00f1os de noviazgo y 2 de convivencia, la pareja sell\u00f3 su amor en el Registro Civil de Olivos, cerca de donde viven. A la salida, familiares y amigos esperaron a la pareja en el [&hellip;]<\/p>\n","protected":false},"author":9,"featured_media":32131,"comment_status":"closed","ping_status":"closed","sticky":false,"template":"","format":"standard","meta":{"_seopress_robots_primary_cat":"","_seopress_titles_title":"","_seopress_titles_desc":"","_seopress_robots_index":"","footnotes":""},"categories":[4],"tags":[26897,29290],"class_list":{"0":"post-32126","1":"post","2":"type-post","3":"status-publish","4":"format-standard","5":"has-post-thumbnail","7":"category-famosos","8":"tag-casamiento-de-marcela-kloosterboer-y-fernando-sieling","9":"tag-marcela-kloosterboer-y-fernando-sieling"},"_links":{"self":[{"href":"https:\/\/www.cordobatimes.com\/showup\/wp-json\/wp\/v2\/posts\/32126","targetHints":{"allow":["GET"]}}],"collection":[{"href":"https:\/\/www.cordobatimes.com\/showup\/wp-json\/wp\/v2\/posts"}],"about":[{"href":"https:\/\/www.cordobatimes.com\/showup\/wp-json\/wp\/v2\/types\/post"}],"author":[{"embeddable":true,"href":"https:\/\/www.cordobatimes.com\/showup\/wp-json\/wp\/v2\/users\/9"}],"replies":[{"embeddable":true,"href":"https:\/\/www.cordobatimes.com\/showup\/wp-json\/wp\/v2\/comments?post=32126"}],"version-history":[{"count":0,"href":"https:\/\/www.cordobatimes.com\/showup\/wp-json\/wp\/v2\/posts\/32126\/revisions"}],"wp:featuredmedia":[{"embeddable":true,"href":"https:\/\/www.cordobatimes.com\/showup\/wp-json\/wp\/v2\/media\/32131"}],"wp:attachment":[{"href":"https:\/\/www.cordobatimes.com\/showup\/wp-json\/wp\/v2\/media?parent=32126"}],"wp:term":[{"taxonomy":"category","embeddable":true,"href":"https:\/\/www.cordobatimes.com\/showup\/wp-json\/wp\/v2\/categories?post=32126"},{"taxonomy":"post_tag","embeddable":true,"href":"https:\/\/www.cordobatimes.com\/showup\/wp-json\/wp\/v2\/tags?post=32126"}],"curies":[{"name":"wp","href":"https:\/\/api.w.org\/{rel}","templated":true}]}}