{"id":32124,"date":"2014-11-07T16:09:01","date_gmt":"2014-11-07T19:09:01","guid":{"rendered":"http:\/\/cordobatimes.com\/showup\/?p=32124"},"modified":"2020-02-03T09:08:24","modified_gmt":"2020-02-03T12:08:24","slug":"nat-geo-prepara-los-90-la-decada-que-nos-conecto","status":"publish","type":"post","link":"https:\/\/www.cordobatimes.com\/showup\/tv\/2014\/11\/07\/nat-geo-prepara-los-90-la-decada-que-nos-conecto\/","title":{"rendered":"Nat Geo prepara \u201cLos 90: La D\u00e9cada que nos conect\u00f3\u201d"},"content":{"rendered":"<h3 style=\"text-align: justify;\"><strong>Desde el domingo 9 de noviembre, a las 22.00 hs. el canal estrena la historia de aquellos tiempos narrada para Argentina por Lalo Mir.<\/strong><\/h3>\n<p style=\"text-align: justify;\">Se trata de una miniserie \u00e9pica que presenta personas, inventos y decisiones que dieron forma al mundo actual, contados desde la perspectiva de los mismos protagonistas que hicieron historia, las celebridades, los pol\u00edticos y los m\u00fasicos que crearon esos momentos emblem\u00e1ticos.<\/p>\n<p style=\"text-align: justify;\">Los \u201990 fueron una d\u00e9cada de altibajos. Desde la Guerra del Golfo, el auge de las telecomedias, la convertibilidad argentina, el fin del Apartheid, la captura de Pablo Escobar, el atentado a la AMIA, la pasi\u00f3n por Soda Stereo, Caf\u00e9 Tacuba o la telenovela Caf\u00e9 con Aroma de Mujer, y hasta la Miss Universo Latina.<\/p>\n<p style=\"text-align: justify;\">Fue una \u00e9poca en la que la tecnolog\u00eda nos catapult\u00f3 al futuro digital y en la que surgieron multimillonarios como nunca antes en la historia mundial. Con un reparto estelar de entrevistados, entre los que se cuentan celebridades, personalidades de distintos \u00e1mbitos, pol\u00edticos y testigos presenciales de sucesos distintivos de la \u00e9poca, Nat Geo recorre la gloria vivida antes de la gran quiebra y el boom de Internet.<\/p>\n<p style=\"text-align: justify;\">\u201cLos 90: La d\u00e9cada que nos conect\u00f3\u201d examina la d\u00e9cada por medio de narraciones y an\u00e1lisis e incluye ciento veinte entrevistas originales a figuras emblem\u00e1ticas, desde h\u00e9roes no reconocidos detr\u00e1s de las historias m\u00e1s emocionantes de la d\u00e9cada hasta las m\u00e1s grandes figuras de la d\u00e9cada. El programa incluye testimonios de los argentinos Enrique Pi\u00f1eyro, Gustavo Yanquelevich, Rodolfo Barili, Tet\u00e9 Coustarot, Juli\u00e1n Weich, Dami\u00e1n de Santo, Viviana Canosa, Claudia Font\u00e1n y Zeta Bosio, entre otros.<\/p>\n<p style=\"text-align: justify;\">Entre los sucesos y personalidades que cambiaron el curso de la historia y que se examinar\u00e1n en el especial, cabe destacar la convertibilidad argentina, el atentado a la AMIA, las eliminatorias del Mundial EE.UU. 1994, el caso C\u00f3ppola, el furor por Soda Stereo, Caf\u00e9 Tacuba, Aterciopelados, la controversial Gloria Trevi, la popularidad de las telenovelas \u201cCaf\u00e9 con Aroma de Mujer\u201d y \u201cBetty la fea\u201d; la libertad de Nelson Mandela despu\u00e9s de 27 a\u00f1os en prisi\u00f3n y su elecci\u00f3n como primer presidente negro de Sud\u00e1frica. Tambi\u00e9n se retrata la persecuci\u00f3n y muerte del narco Pablo Escobar quien controlaba el 80% de la coca\u00edna en el mundo.<\/p>\n<p style=\"text-align: justify;\">La singular presidencia de Clinton, desde la promesa de cambio hasta los esc\u00e1ndalos personales y el inexorable ascenso de Osama Bin Laden y sus ejercicios de terrorismo que conducir\u00edan a los sucesos que paralizaron al mundo el 11 de septiembre de 2001 son tambi\u00e9n parte de la miniserie que desde el domingo 9 de noviembre llega a la pantalla de Nat Geo.<\/p>\n<p style=\"text-align: justify;\">Fuente: exitoina.com<\/p>\n","protected":false},"excerpt":{"rendered":"<p>Desde el domingo 9 de noviembre, a las 22.00 hs. el canal estrena la historia de aquellos tiempos narrada para Argentina por Lalo Mir. Se trata de una miniserie \u00e9pica que presenta personas, inventos y decisiones que dieron forma al mundo actual, contados desde la perspectiva de los mismos protagonistas que hicieron historia, las celebridades, [&hellip;]<\/p>\n","protected":false},"author":9,"featured_media":32164,"comment_status":"closed","ping_status":"closed","sticky":false,"template":"","format":"standard","meta":{"_seopress_robots_primary_cat":"","_seopress_titles_title":"","_seopress_titles_desc":"","_seopress_robots_index":"","footnotes":""},"categories":[2],"tags":[29341,10356],"class_list":{"0":"post-32124","1":"post","2":"type-post","3":"status-publish","4":"format-standard","5":"has-post-thumbnail","7":"category-tv","8":"tag-los-90-la-decada-que-nos-conecto-nat-geo","9":"tag-los-anos-90-en-argentina"},"_links":{"self":[{"href":"https:\/\/www.cordobatimes.com\/showup\/wp-json\/wp\/v2\/posts\/32124","targetHints":{"allow":["GET"]}}],"collection":[{"href":"https:\/\/www.cordobatimes.com\/showup\/wp-json\/wp\/v2\/posts"}],"about":[{"href":"https:\/\/www.cordobatimes.com\/showup\/wp-json\/wp\/v2\/types\/post"}],"author":[{"embeddable":true,"href":"https:\/\/www.cordobatimes.com\/showup\/wp-json\/wp\/v2\/users\/9"}],"replies":[{"embeddable":true,"href":"https:\/\/www.cordobatimes.com\/showup\/wp-json\/wp\/v2\/comments?post=32124"}],"version-history":[{"count":0,"href":"https:\/\/www.cordobatimes.com\/showup\/wp-json\/wp\/v2\/posts\/32124\/revisions"}],"wp:featuredmedia":[{"embeddable":true,"href":"https:\/\/www.cordobatimes.com\/showup\/wp-json\/wp\/v2\/media\/32164"}],"wp:attachment":[{"href":"https:\/\/www.cordobatimes.com\/showup\/wp-json\/wp\/v2\/media?parent=32124"}],"wp:term":[{"taxonomy":"category","embeddable":true,"href":"https:\/\/www.cordobatimes.com\/showup\/wp-json\/wp\/v2\/categories?post=32124"},{"taxonomy":"post_tag","embeddable":true,"href":"https:\/\/www.cordobatimes.com\/showup\/wp-json\/wp\/v2\/tags?post=32124"}],"curies":[{"name":"wp","href":"https:\/\/api.w.org\/{rel}","templated":true}]}}