{"id":31991,"date":"2014-11-05T16:45:22","date_gmt":"2014-11-05T19:45:22","guid":{"rendered":"http:\/\/cordobatimes.com\/showup\/?p=31991"},"modified":"2020-04-06T19:26:27","modified_gmt":"2020-04-06T22:26:27","slug":"marcela-morelo-repasa-sus-exitos-en-quality-espacio","status":"publish","type":"post","link":"https:\/\/www.cordobatimes.com\/showup\/agenda\/2014\/11\/05\/marcela-morelo-repasa-sus-exitos-en-quality-espacio\/","title":{"rendered":"Marcela Morelo repasa sus \u00e9xitos en Quality Espacio"},"content":{"rendered":"<h3 style=\"text-align: justify;\"><strong>La reconocida cantante recorrer\u00e1\u00a0\u00a0los mejores momentos de su carrera en este nuevo show, \u201cCanciones elegidas\u201d, donde adem\u00e1s da la oportunidad a sus fans de pedir los temas que quieren escuchar a trav\u00e9s de sus redes sociales.<\/strong><\/h3>\n<p style=\"text-align: justify;\">Antes de grabar su nuevo disco, en el cual ya est\u00e1 trabajando, Marcela Morelo quiere ofrecer a su p\u00fablico un nuevo show, donde el repertorio de cada noche se arme de los pedidos del p\u00fablico.<\/p>\n<p style=\"text-align: justify;\">Por eso lo llam\u00f3 \u201cCanciones elegidas\u201d, ya que los fans tienen la oportunidad de elegir y pedir las canciones que quieren escuchar, escribiendo a las redes sociales de Marcela: en Facebook,\u00a0MarcelaMoreloOficial y en Twitter,\u00a0@MarcelaMoreloOK<\/p>\n<p style=\"text-align: justify;\">Una gran oportunidad para escuchar los \u00e9xitos que siempre nos gusta volver a escuchar, pero tambi\u00e9n para rescatar alguna joya olvidada del enorme repertorio que Marcela construy\u00f3 desde su exitoso disco debut.<\/p>\n","protected":false},"excerpt":{"rendered":"<p>La reconocida cantante recorrer\u00e1\u00a0\u00a0los mejores momentos de su carrera en este nuevo show, \u201cCanciones elegidas\u201d, donde adem\u00e1s da la oportunidad a sus fans de pedir los temas que quieren escuchar a trav\u00e9s de sus redes sociales. Antes de grabar su nuevo disco, en el cual ya est\u00e1 trabajando, Marcela Morelo quiere ofrecer a su p\u00fablico [&hellip;]<\/p>\n","protected":false},"author":9,"featured_media":32024,"comment_status":"closed","ping_status":"closed","sticky":false,"template":"","format":"standard","meta":{"_seopress_robots_primary_cat":"","_seopress_titles_title":"","_seopress_titles_desc":"","_seopress_robots_index":"","footnotes":""},"categories":[6],"tags":[25600,25601],"class_list":{"0":"post-31991","1":"post","2":"type-post","3":"status-publish","4":"format-standard","5":"has-post-thumbnail","7":"category-agenda","8":"tag-marcela-morelo-en-cordoba","9":"tag-marcela-morelo-en-quality-espacio"},"_links":{"self":[{"href":"https:\/\/www.cordobatimes.com\/showup\/wp-json\/wp\/v2\/posts\/31991","targetHints":{"allow":["GET"]}}],"collection":[{"href":"https:\/\/www.cordobatimes.com\/showup\/wp-json\/wp\/v2\/posts"}],"about":[{"href":"https:\/\/www.cordobatimes.com\/showup\/wp-json\/wp\/v2\/types\/post"}],"author":[{"embeddable":true,"href":"https:\/\/www.cordobatimes.com\/showup\/wp-json\/wp\/v2\/users\/9"}],"replies":[{"embeddable":true,"href":"https:\/\/www.cordobatimes.com\/showup\/wp-json\/wp\/v2\/comments?post=31991"}],"version-history":[{"count":0,"href":"https:\/\/www.cordobatimes.com\/showup\/wp-json\/wp\/v2\/posts\/31991\/revisions"}],"wp:featuredmedia":[{"embeddable":true,"href":"https:\/\/www.cordobatimes.com\/showup\/wp-json\/wp\/v2\/media\/32024"}],"wp:attachment":[{"href":"https:\/\/www.cordobatimes.com\/showup\/wp-json\/wp\/v2\/media?parent=31991"}],"wp:term":[{"taxonomy":"category","embeddable":true,"href":"https:\/\/www.cordobatimes.com\/showup\/wp-json\/wp\/v2\/categories?post=31991"},{"taxonomy":"post_tag","embeddable":true,"href":"https:\/\/www.cordobatimes.com\/showup\/wp-json\/wp\/v2\/tags?post=31991"}],"curies":[{"name":"wp","href":"https:\/\/api.w.org\/{rel}","templated":true}]}}