{"id":31857,"date":"2014-11-03T19:17:09","date_gmt":"2014-11-03T22:17:09","guid":{"rendered":"http:\/\/cordobatimes.com\/showup\/?p=31857"},"modified":"2020-02-06T08:35:20","modified_gmt":"2020-02-06T11:35:20","slug":"la-noticia-mas-esperada-jonas-gutierrez-recibio-el-alta-medica","status":"publish","type":"post","link":"https:\/\/www.cordobatimes.com\/showup\/famosos\/2014\/11\/03\/la-noticia-mas-esperada-jonas-gutierrez-recibio-el-alta-medica\/","title":{"rendered":"La noticia m\u00e1s esperada: Jonas Guti\u00e9rrez recibi\u00f3 el alta m\u00e9dica"},"content":{"rendered":"<h3 style=\"text-align: justify;\"><strong>Despu\u00e9s de haber hecho p\u00fablico los dif\u00edciles meses en que el futbolista debi\u00f3 hacerle frente a una dura enfermedad, lleg\u00f3 el momento m\u00e1s anhelado.\u00a0<\/strong><\/h3>\n<p style=\"text-align: justify;\">Jon\u00e1s utiliz\u00f3 su cuenta de twitter para anunciar que recibi\u00f3 el alta m\u00e9dica, algo que lo llena de felicidad y fuerzas para retomar de a poco su carrera.<\/p>\n<p style=\"text-align: justify;\">Con un c\u00e1lido mensaje le agradeci\u00f3 a todos aquellos que le hicieron el aguante en todo momento y ya sue\u00f1a con ponerse los botines.<\/p>\n<blockquote class=\"twitter-tweet\" data-lang=\"es\">\n<p dir=\"ltr\" lang=\"es\">Hoy me dieron el alta m\u00e9dica.<\/p>\n<p>\u2014 Jonas Gutierrez (@elgalgojonas) <a href=\"https:\/\/twitter.com\/elgalgojonas\/status\/529376647561371649?ref_src=twsrc%5Etfw\">3 de noviembre de 2014<\/a><\/p><\/blockquote>\n<p><script async src=\"https:\/\/platform.twitter.com\/widgets.js\" charset=\"utf-8\"><\/script><\/p>\n<blockquote class=\"twitter-tweet\" data-lang=\"es\">\n<p dir=\"ltr\" lang=\"es\">Muchas gracias a todos los qme acompa\u00f1aron en este momento, en especial a mi familia, mis papas, hermanos,madrina, amigos y a <a href=\"https:\/\/twitter.com\/alemaglietti?ref_src=twsrc%5Etfw\">@alemaglietti<\/a><\/p>\n<p>\u2014 Jonas Gutierrez (@elgalgojonas) <a href=\"https:\/\/twitter.com\/elgalgojonas\/status\/529376484168073217?ref_src=twsrc%5Etfw\">3 de noviembre de 2014<\/a><\/p><\/blockquote>\n<p><script async src=\"https:\/\/platform.twitter.com\/widgets.js\" charset=\"utf-8\"><\/script><\/p>\n","protected":false},"excerpt":{"rendered":"<p>Despu\u00e9s de haber hecho p\u00fablico los dif\u00edciles meses en que el futbolista debi\u00f3 hacerle frente a una dura enfermedad, lleg\u00f3 el momento m\u00e1s anhelado.\u00a0 Jon\u00e1s utiliz\u00f3 su cuenta de twitter para anunciar que recibi\u00f3 el alta m\u00e9dica, algo que lo llena de felicidad y fuerzas para retomar de a poco su carrera. Con un c\u00e1lido [&hellip;]<\/p>\n","protected":false},"author":9,"featured_media":31859,"comment_status":"closed","ping_status":"closed","sticky":false,"template":"","format":"standard","meta":{"_seopress_robots_primary_cat":"","_seopress_titles_title":"","_seopress_titles_desc":"","_seopress_robots_index":"","footnotes":""},"categories":[4],"tags":[29300,29396],"class_list":{"0":"post-31857","1":"post","2":"type-post","3":"status-publish","4":"format-standard","5":"has-post-thumbnail","7":"category-famosos","8":"tag-alejandra-maglietti-y-jonas-gutierrez","9":"tag-jonas-gutierrez-recibio-el-alta-medica"},"_links":{"self":[{"href":"https:\/\/www.cordobatimes.com\/showup\/wp-json\/wp\/v2\/posts\/31857","targetHints":{"allow":["GET"]}}],"collection":[{"href":"https:\/\/www.cordobatimes.com\/showup\/wp-json\/wp\/v2\/posts"}],"about":[{"href":"https:\/\/www.cordobatimes.com\/showup\/wp-json\/wp\/v2\/types\/post"}],"author":[{"embeddable":true,"href":"https:\/\/www.cordobatimes.com\/showup\/wp-json\/wp\/v2\/users\/9"}],"replies":[{"embeddable":true,"href":"https:\/\/www.cordobatimes.com\/showup\/wp-json\/wp\/v2\/comments?post=31857"}],"version-history":[{"count":0,"href":"https:\/\/www.cordobatimes.com\/showup\/wp-json\/wp\/v2\/posts\/31857\/revisions"}],"wp:featuredmedia":[{"embeddable":true,"href":"https:\/\/www.cordobatimes.com\/showup\/wp-json\/wp\/v2\/media\/31859"}],"wp:attachment":[{"href":"https:\/\/www.cordobatimes.com\/showup\/wp-json\/wp\/v2\/media?parent=31857"}],"wp:term":[{"taxonomy":"category","embeddable":true,"href":"https:\/\/www.cordobatimes.com\/showup\/wp-json\/wp\/v2\/categories?post=31857"},{"taxonomy":"post_tag","embeddable":true,"href":"https:\/\/www.cordobatimes.com\/showup\/wp-json\/wp\/v2\/tags?post=31857"}],"curies":[{"name":"wp","href":"https:\/\/api.w.org\/{rel}","templated":true}]}}