{"id":31850,"date":"2014-11-03T18:50:50","date_gmt":"2014-11-03T21:50:50","guid":{"rendered":"http:\/\/cordobatimes.com\/showup\/?p=31850"},"modified":"2020-02-06T08:39:32","modified_gmt":"2020-02-06T11:39:32","slug":"romeo-santos-se-presentara-en-el-desfile-del-dia-de-accion-de-gracias","status":"publish","type":"post","link":"https:\/\/www.cordobatimes.com\/showup\/musica\/2014\/11\/03\/romeo-santos-se-presentara-en-el-desfile-del-dia-de-accion-de-gracias\/","title":{"rendered":"Romeo Santos se presentar\u00e1 en el Desfile del D\u00eda de Acci\u00f3n de Gracias"},"content":{"rendered":"<h3 style=\"text-align: justify;\"><strong>El cantautor \u00a0anunci\u00f3 su participaci\u00f3n en el evento anual que es una tradici\u00f3n para el p\u00fablico que forma parte de una celebraci\u00f3n para agradecer junto amigos y familiares.<\/strong><\/h3>\n<p style=\"text-align: justify;\">Es el espect\u00e1culo m\u00e1s grande de la temporada festiva que llega a millones, se llevar\u00e1 a cabo este pr\u00f3ximo 27 de noviembre comenzando a las 9 AM.<\/p>\n<p style=\"text-align: justify;\">El rey de la Bachata formar\u00e1 parte de la carroza del NY Daily News (anteriormente ocupada por Kanye West y Mary J, Blige) y es auspiciada por Big Apple Float.<\/p>\n<p style=\"text-align: justify;\">Todos podr\u00e1n disfrutar de la participaci\u00f3n de Romeo Santos pues ser\u00e1 transmitida por la cadena televisiva NBC.<\/p>\n<p style=\"text-align: justify;\">Romeo Santos quien este pr\u00f3ximo 6 de noviembre actuar\u00e1 en la Casa Blanca para honrar a las tropas de Estados Unidos por sus servicios; continuar\u00e1 con su exitoso tour Vol.2.<\/p>\n","protected":false},"excerpt":{"rendered":"<p>El cantautor \u00a0anunci\u00f3 su participaci\u00f3n en el evento anual que es una tradici\u00f3n para el p\u00fablico que forma parte de una celebraci\u00f3n para agradecer junto amigos y familiares. Es el espect\u00e1culo m\u00e1s grande de la temporada festiva que llega a millones, se llevar\u00e1 a cabo este pr\u00f3ximo 27 de noviembre comenzando a las 9 AM. [&hellip;]<\/p>\n","protected":false},"author":9,"featured_media":31851,"comment_status":"closed","ping_status":"closed","sticky":false,"template":"","format":"standard","meta":{"_seopress_robots_primary_cat":"","_seopress_titles_title":"","_seopress_titles_desc":"","_seopress_robots_index":"","footnotes":""},"categories":[5],"tags":[29397],"class_list":{"0":"post-31850","1":"post","2":"type-post","3":"status-publish","4":"format-standard","5":"has-post-thumbnail","7":"category-musica","8":"tag-romeo-santos-desfile-del-dia-de-accion-de-gracias"},"_links":{"self":[{"href":"https:\/\/www.cordobatimes.com\/showup\/wp-json\/wp\/v2\/posts\/31850","targetHints":{"allow":["GET"]}}],"collection":[{"href":"https:\/\/www.cordobatimes.com\/showup\/wp-json\/wp\/v2\/posts"}],"about":[{"href":"https:\/\/www.cordobatimes.com\/showup\/wp-json\/wp\/v2\/types\/post"}],"author":[{"embeddable":true,"href":"https:\/\/www.cordobatimes.com\/showup\/wp-json\/wp\/v2\/users\/9"}],"replies":[{"embeddable":true,"href":"https:\/\/www.cordobatimes.com\/showup\/wp-json\/wp\/v2\/comments?post=31850"}],"version-history":[{"count":0,"href":"https:\/\/www.cordobatimes.com\/showup\/wp-json\/wp\/v2\/posts\/31850\/revisions"}],"wp:featuredmedia":[{"embeddable":true,"href":"https:\/\/www.cordobatimes.com\/showup\/wp-json\/wp\/v2\/media\/31851"}],"wp:attachment":[{"href":"https:\/\/www.cordobatimes.com\/showup\/wp-json\/wp\/v2\/media?parent=31850"}],"wp:term":[{"taxonomy":"category","embeddable":true,"href":"https:\/\/www.cordobatimes.com\/showup\/wp-json\/wp\/v2\/categories?post=31850"},{"taxonomy":"post_tag","embeddable":true,"href":"https:\/\/www.cordobatimes.com\/showup\/wp-json\/wp\/v2\/tags?post=31850"}],"curies":[{"name":"wp","href":"https:\/\/api.w.org\/{rel}","templated":true}]}}