{"id":31843,"date":"2014-11-03T18:30:52","date_gmt":"2014-11-03T21:30:52","guid":{"rendered":"http:\/\/cordobatimes.com\/showup\/?p=31843"},"modified":"2020-02-06T08:46:41","modified_gmt":"2020-02-06T11:46:41","slug":"santiago-bal-recibio-el-alta-medica","status":"publish","type":"post","link":"https:\/\/www.cordobatimes.com\/showup\/famosos\/2014\/11\/03\/santiago-bal-recibio-el-alta-medica\/","title":{"rendered":"Santiago Bal recibi\u00f3 el alta m\u00e9dica"},"content":{"rendered":"<h3 style=\"text-align: justify;\"><strong>Este lunes el ex marido de Carmen Barbieri \u00a0abandon\u00f3 la cl\u00ednica de Flores donde se encontraba recuper\u00e1ndose. <\/strong><\/h3>\n<p style=\"text-align: justify;\">Seg\u00fan trascendi\u00f3, \u00abse va a trasladar al departamento que compr\u00f3 su ex, Carmen Barbieri, donde va a vivir con una enfermera que lo va a cuidar\u00bb.<\/p>\n<p style=\"text-align: justify;\">Al momento de recibir el alta, se encontraba junto a sus hijos Mariano y Federico, quienes lo acompa\u00f1aron a su padre en todo momento durante su dura internaci\u00f3n.<\/p>\n<p style=\"text-align: justify;\">Bal estuvo tres meses internado en el Instituto M\u00e9dico de Alta Complejidad (IMAC) por una complicaci\u00f3n en el enfisema pulmonar que padece por lo que hab\u00eda sido inducido a coma farmacol\u00f3gico y su delicado estado de salud mantuvo preocupado a todo su entorno.<\/p>\n","protected":false},"excerpt":{"rendered":"<p>Este lunes el ex marido de Carmen Barbieri \u00a0abandon\u00f3 la cl\u00ednica de Flores donde se encontraba recuper\u00e1ndose. Seg\u00fan trascendi\u00f3, \u00abse va a trasladar al departamento que compr\u00f3 su ex, Carmen Barbieri, donde va a vivir con una enfermera que lo va a cuidar\u00bb. Al momento de recibir el alta, se encontraba junto a sus hijos [&hellip;]<\/p>\n","protected":false},"author":9,"featured_media":31844,"comment_status":"closed","ping_status":"closed","sticky":false,"template":"","format":"standard","meta":{"_seopress_robots_primary_cat":"","_seopress_titles_title":"","_seopress_titles_desc":"","_seopress_robots_index":"","footnotes":""},"categories":[4],"tags":[29398,29399],"class_list":{"0":"post-31843","1":"post","2":"type-post","3":"status-publish","4":"format-standard","5":"has-post-thumbnail","7":"category-famosos","8":"tag-alta-medica-de-santiago-bal","9":"tag-santiago-bal-enfisema"},"_links":{"self":[{"href":"https:\/\/www.cordobatimes.com\/showup\/wp-json\/wp\/v2\/posts\/31843","targetHints":{"allow":["GET"]}}],"collection":[{"href":"https:\/\/www.cordobatimes.com\/showup\/wp-json\/wp\/v2\/posts"}],"about":[{"href":"https:\/\/www.cordobatimes.com\/showup\/wp-json\/wp\/v2\/types\/post"}],"author":[{"embeddable":true,"href":"https:\/\/www.cordobatimes.com\/showup\/wp-json\/wp\/v2\/users\/9"}],"replies":[{"embeddable":true,"href":"https:\/\/www.cordobatimes.com\/showup\/wp-json\/wp\/v2\/comments?post=31843"}],"version-history":[{"count":0,"href":"https:\/\/www.cordobatimes.com\/showup\/wp-json\/wp\/v2\/posts\/31843\/revisions"}],"wp:featuredmedia":[{"embeddable":true,"href":"https:\/\/www.cordobatimes.com\/showup\/wp-json\/wp\/v2\/media\/31844"}],"wp:attachment":[{"href":"https:\/\/www.cordobatimes.com\/showup\/wp-json\/wp\/v2\/media?parent=31843"}],"wp:term":[{"taxonomy":"category","embeddable":true,"href":"https:\/\/www.cordobatimes.com\/showup\/wp-json\/wp\/v2\/categories?post=31843"},{"taxonomy":"post_tag","embeddable":true,"href":"https:\/\/www.cordobatimes.com\/showup\/wp-json\/wp\/v2\/tags?post=31843"}],"curies":[{"name":"wp","href":"https:\/\/api.w.org\/{rel}","templated":true}]}}