{"id":31781,"date":"2014-11-02T16:43:49","date_gmt":"2014-11-02T19:43:49","guid":{"rendered":"http:\/\/cordobatimes.com\/showup\/?p=31781"},"modified":"2020-02-06T09:21:50","modified_gmt":"2020-02-06T12:21:50","slug":"furioso-7-publico-su-esperado-trailer-video","status":"publish","type":"post","link":"https:\/\/www.cordobatimes.com\/showup\/cine-y-series\/2014\/11\/02\/furioso-7-publico-su-esperado-trailer-video\/","title":{"rendered":"\u00abFurioso 7\u00bb public\u00f3 su esperado tr\u00e1iler (Video)"},"content":{"rendered":"<h3 style=\"text-align: justify;\"><strong>Universal Studios estren\u00f3 el adelanto de la s\u00e9ptima entrega de la saga de \u00abR\u00e1pido y Furioso\u00bb.<\/strong><\/h3>\n<p style=\"text-align: justify;\">Luego de la tr\u00e1gica muerte de uno de sus protagonistas, Paul Walker, en un accidente de tr\u00e1nsito, el avance de su \u00faltima pel\u00edcula se esperaba con mucha expectativa.<\/p>\n<p style=\"text-align: justify;\">Despu\u00e9s del fallecimiento del actor, sus hermanos Cody y Caleb terminaron la pel\u00edcula y se modific\u00f3 el nombre original del film.<\/p>\n<p style=\"text-align: justify;\">No te lo pierdas.<\/p>\n<p><iframe loading=\"lazy\" src=\"\/\/www.youtube.com\/embed\/Skpu5HaVkOc\" width=\"560\" height=\"315\" frameborder=\"0\" allowfullscreen=\"allowfullscreen\"><\/iframe><\/p>\n","protected":false},"excerpt":{"rendered":"<p>Universal Studios estren\u00f3 el adelanto de la s\u00e9ptima entrega de la saga de \u00abR\u00e1pido y Furioso\u00bb. Luego de la tr\u00e1gica muerte de uno de sus protagonistas, Paul Walker, en un accidente de tr\u00e1nsito, el avance de su \u00faltima pel\u00edcula se esperaba con mucha expectativa. Despu\u00e9s del fallecimiento del actor, sus hermanos Cody y Caleb terminaron [&hellip;]<\/p>\n","protected":false},"author":9,"featured_media":31791,"comment_status":"closed","ping_status":"closed","sticky":false,"template":"","format":"standard","meta":{"_seopress_robots_primary_cat":"","_seopress_titles_title":"","_seopress_titles_desc":"","_seopress_robots_index":"","footnotes":""},"categories":[3],"tags":[29409,29408],"class_list":{"0":"post-31781","1":"post","2":"type-post","3":"status-publish","4":"format-standard","5":"has-post-thumbnail","7":"category-cine-y-series","8":"tag-paul-walker-en-el-trailer-de-furioso-7","9":"tag-trailer-de-furioso-7"},"_links":{"self":[{"href":"https:\/\/www.cordobatimes.com\/showup\/wp-json\/wp\/v2\/posts\/31781","targetHints":{"allow":["GET"]}}],"collection":[{"href":"https:\/\/www.cordobatimes.com\/showup\/wp-json\/wp\/v2\/posts"}],"about":[{"href":"https:\/\/www.cordobatimes.com\/showup\/wp-json\/wp\/v2\/types\/post"}],"author":[{"embeddable":true,"href":"https:\/\/www.cordobatimes.com\/showup\/wp-json\/wp\/v2\/users\/9"}],"replies":[{"embeddable":true,"href":"https:\/\/www.cordobatimes.com\/showup\/wp-json\/wp\/v2\/comments?post=31781"}],"version-history":[{"count":0,"href":"https:\/\/www.cordobatimes.com\/showup\/wp-json\/wp\/v2\/posts\/31781\/revisions"}],"wp:featuredmedia":[{"embeddable":true,"href":"https:\/\/www.cordobatimes.com\/showup\/wp-json\/wp\/v2\/media\/31791"}],"wp:attachment":[{"href":"https:\/\/www.cordobatimes.com\/showup\/wp-json\/wp\/v2\/media?parent=31781"}],"wp:term":[{"taxonomy":"category","embeddable":true,"href":"https:\/\/www.cordobatimes.com\/showup\/wp-json\/wp\/v2\/categories?post=31781"},{"taxonomy":"post_tag","embeddable":true,"href":"https:\/\/www.cordobatimes.com\/showup\/wp-json\/wp\/v2\/tags?post=31781"}],"curies":[{"name":"wp","href":"https:\/\/api.w.org\/{rel}","templated":true}]}}