{"id":31778,"date":"2014-11-02T16:24:43","date_gmt":"2014-11-02T19:24:43","guid":{"rendered":"http:\/\/cordobatimes.com\/showup\/?p=31778"},"modified":"2020-02-06T09:26:45","modified_gmt":"2020-02-06T12:26:45","slug":"jesica-cirio-realizo-una-super-despedida-de-soltera","status":"publish","type":"post","link":"https:\/\/www.cordobatimes.com\/showup\/famosos\/2014\/11\/02\/jesica-cirio-realizo-una-super-despedida-de-soltera\/","title":{"rendered":"J\u00e9sica Cirio realiz\u00f3 una s\u00faper despedida de soltera (Fotos)"},"content":{"rendered":"<h3><strong>La modelo est\u00e1 pr\u00f3xima a contraer matrimonio con el pol\u00edtico, \u00a0Mart\u00edn Insaurralde, quien supo conquistar su coraz\u00f3n. <\/strong><\/h3>\n<p>Como la tradici\u00f3n manda, la rubia disfrut\u00f3 de su despedida de soltera de una manera bastante rara donde sus amigos organizaron una reuni\u00f3n que dar\u00e1 qu\u00e9 hablar.<\/p>\n<p>El clima del s\u00e1bado 1 de noviembre no fue el mejor amigo de Cirio, aunque eso no evit\u00f3 que se llevara a cabo la reuni\u00f3n que estaba pactada desde hace tiempo.<\/p>\n<p>Con un grupo selecto de amigas, J\u00e9sica celebr\u00f3 en una casa quinta con tragos, inflables para la pileta y el infaltable cotill\u00f3n.<\/p>\n<blockquote class=\"twitter-tweet\" data-lang=\"es\">\n<p dir=\"ltr\" lang=\"pt\">Despedida de solteros!!! <a href=\"http:\/\/t.co\/NDrgkawDdo\">pic.twitter.com\/NDrgkawDdo<\/a><\/p>\n<p>\u2014 Jesica Cirio (@jescirio) <a href=\"https:\/\/twitter.com\/jescirio\/status\/528663375627431936?ref_src=twsrc%5Etfw\">1 de noviembre de 2014<\/a><\/p><\/blockquote>\n<p><script async src=\"https:\/\/platform.twitter.com\/widgets.js\" charset=\"utf-8\"><\/script><\/p>\n<blockquote class=\"twitter-tweet\" data-lang=\"es\">\n<p dir=\"ltr\" lang=\"es\">Malvadas!!! Jajaja as\u00ed termin\u00e9 <a href=\"http:\/\/t.co\/PS2cSpoKT5\">pic.twitter.com\/PS2cSpoKT5<\/a><\/p>\n<p>\u2014 Jesica Cirio (@jescirio) <a href=\"https:\/\/twitter.com\/jescirio\/status\/528975177154301952?ref_src=twsrc%5Etfw\">2 de noviembre de 2014<\/a><\/p><\/blockquote>\n<p><script async src=\"https:\/\/platform.twitter.com\/widgets.js\" charset=\"utf-8\"><\/script><\/p>\n<blockquote class=\"twitter-tweet\" data-lang=\"es\">\n<p dir=\"ltr\" lang=\"es\">TE AMO!!! <a href=\"http:\/\/t.co\/aUgUNCxKms\">pic.twitter.com\/aUgUNCxKms<\/a><\/p>\n<p>\u2014 Jesica Cirio (@jescirio) <a href=\"https:\/\/twitter.com\/jescirio\/status\/528977234066178048?ref_src=twsrc%5Etfw\">2 de noviembre de 2014<\/a><\/p><\/blockquote>\n<p><script async src=\"https:\/\/platform.twitter.com\/widgets.js\" charset=\"utf-8\"><\/script><\/p>\n","protected":false},"excerpt":{"rendered":"<p>La modelo est\u00e1 pr\u00f3xima a contraer matrimonio con el pol\u00edtico, \u00a0Mart\u00edn Insaurralde, quien supo conquistar su coraz\u00f3n. Como la tradici\u00f3n manda, la rubia disfrut\u00f3 de su despedida de soltera de una manera bastante rara donde sus amigos organizaron una reuni\u00f3n que dar\u00e1 qu\u00e9 hablar. El clima del s\u00e1bado 1 de noviembre no fue el mejor [&hellip;]<\/p>\n","protected":false},"author":9,"featured_media":31788,"comment_status":"closed","ping_status":"closed","sticky":false,"template":"","format":"standard","meta":{"_seopress_robots_primary_cat":"","_seopress_titles_title":"","_seopress_titles_desc":"","_seopress_robots_index":"","footnotes":""},"categories":[4],"tags":[10188],"class_list":{"0":"post-31778","1":"post","2":"type-post","3":"status-publish","4":"format-standard","5":"has-post-thumbnail","7":"category-famosos","8":"tag-despedida-de-soltera-de-jesica-cirio"},"_links":{"self":[{"href":"https:\/\/www.cordobatimes.com\/showup\/wp-json\/wp\/v2\/posts\/31778","targetHints":{"allow":["GET"]}}],"collection":[{"href":"https:\/\/www.cordobatimes.com\/showup\/wp-json\/wp\/v2\/posts"}],"about":[{"href":"https:\/\/www.cordobatimes.com\/showup\/wp-json\/wp\/v2\/types\/post"}],"author":[{"embeddable":true,"href":"https:\/\/www.cordobatimes.com\/showup\/wp-json\/wp\/v2\/users\/9"}],"replies":[{"embeddable":true,"href":"https:\/\/www.cordobatimes.com\/showup\/wp-json\/wp\/v2\/comments?post=31778"}],"version-history":[{"count":0,"href":"https:\/\/www.cordobatimes.com\/showup\/wp-json\/wp\/v2\/posts\/31778\/revisions"}],"wp:featuredmedia":[{"embeddable":true,"href":"https:\/\/www.cordobatimes.com\/showup\/wp-json\/wp\/v2\/media\/31788"}],"wp:attachment":[{"href":"https:\/\/www.cordobatimes.com\/showup\/wp-json\/wp\/v2\/media?parent=31778"}],"wp:term":[{"taxonomy":"category","embeddable":true,"href":"https:\/\/www.cordobatimes.com\/showup\/wp-json\/wp\/v2\/categories?post=31778"},{"taxonomy":"post_tag","embeddable":true,"href":"https:\/\/www.cordobatimes.com\/showup\/wp-json\/wp\/v2\/tags?post=31778"}],"curies":[{"name":"wp","href":"https:\/\/api.w.org\/{rel}","templated":true}]}}