{"id":31776,"date":"2014-11-02T17:11:57","date_gmt":"2014-11-02T20:11:57","guid":{"rendered":"http:\/\/cordobatimes.com\/showup\/?p=31776"},"modified":"2020-02-06T09:15:38","modified_gmt":"2020-02-06T12:15:38","slug":"abel-pintos-sorprendio-en-el-prende-y-apaga-video","status":"publish","type":"post","link":"https:\/\/www.cordobatimes.com\/showup\/tv\/2014\/11\/02\/abel-pintos-sorprendio-en-el-prende-y-apaga-video\/","title":{"rendered":"Abel Pintos sorprendi\u00f3 en el \u00abPrende y apaga\u00bb (Video)"},"content":{"rendered":"<h3 style=\"text-align: justify;\"><strong>El reconocido cantante estuvo en el programa conducido por Sergio Lapeg\u00fce en TN. Por primera vez, el m\u00fasico se present\u00f3 con toda su banda.<\/strong><\/h3>\n<p style=\"text-align: justify;\">En una emisi\u00f3n especial del Prende y Apaga, el \u00a0bahiense hizo delirar a sus fans con sus canciones, en la previa de lo que ser\u00e1 su pr\u00f3ximo recital en el Estadio \u00danico de La Plata el 8 de noviembre.<\/p>\n<p style=\"text-align: justify;\">En referencia a su carrera y el \u00e9xito, dijo: \u201cCambian los tiempos y un poco las formas de tu d\u00eda a d\u00eda y tu contexto. De alguna forma, el \u00e9xito me da herramientas para seguir haciendo cosas que en otras \u00e9pocas no pod\u00eda hacer porque no ten\u00eda la posibilidad\u201d.<\/p>\n<p style=\"text-align: justify;\">\u201cEra muy determinante en mi deseo. Yo decid\u00ed que quer\u00eda hacer m\u00fasica antes de saber hacer m\u00fasica por lo que generaba en m\u00ed. El tema es que tengas en claro qu\u00e9 es lo que quer\u00e9s\u201c, sostuvo.<\/p>\n<p style=\"text-align: justify;\">\u201cAqu\u00ed te espero\u201c, de su \u00faltimo trabajo discogr\u00e1fico \u201cAbel\u201d, fue la canci\u00f3n elegida por el cantante para abrir la noche.<\/p>\n<p style=\"text-align: justify;\">El programa ten\u00eda una sorpresa para Abel: la comunicaci\u00f3n telef\u00f3nica con Axel. Reci\u00e9n llegado a Argentina, el cantante quiso saludar a su gran amigo con quien grab\u00f3 recientemente la canci\u00f3n \u201cSomos uno\u201c.<\/p>\n<p style=\"text-align: justify;\">\u201cTodo lo que estoy viviendo fue creciendo de forma paulatina. Siempre disfrute la m\u00fasica, siempre estuve muy agradecido de que haya una persona delante m\u00edo queriendo escuchar lo que quiero decir a trav\u00e9s de la m\u00fasica. Energ\u00e9ticamente es mejor, porque ves a un mont\u00f3n de gente compartir. En los conciertos hay una parte del espect\u00e1culo que est\u00e1 arriba, que somos nosotros, y una parte que est\u00e1 abajo que lo brinda el p\u00fablico\u201d, se\u00f1al\u00f3 Abel al conductor.<\/p>\n<p style=\"text-align: justify;\">Con la humildad y la sencillez que lo caracteriza, Abel agradeci\u00f3 a sus fan\u00e1ticas, con quienes interactu\u00f3, al conductor y a la producci\u00f3n por invitarlo a compartir su arte.<\/p>\n<p style=\"text-align: justify;\">No te pierdas los videos que las mismas fans subieron a la web.<\/p>\n<p><iframe loading=\"lazy\" src=\"\/\/www.youtube.com\/embed\/4Aq7opC435I\" width=\"560\" height=\"315\" frameborder=\"0\" allowfullscreen=\"allowfullscreen\"><\/iframe><\/p>\n<p style=\"text-align: justify;\">El cantante se presentar\u00e1 el 8 de noviembre en el Estadio \u00danico de La Plata; el 14 y 15 en el Orfeo de C\u00f3rdoba; el 18 en General Pico; 19 en Santa Rosa; 21 y 22 en Neuqu\u00e9n; 25 en Bariloche; 26 en Esquel; 28 en Trelew; 29 en Puerto Madryn y el 30 en Bah\u00eda Blanca.<\/p>\n<p><iframe loading=\"lazy\" src=\"\/\/www.youtube.com\/embed\/zv7rpW2gQeo\" width=\"420\" height=\"315\" frameborder=\"0\" allowfullscreen=\"allowfullscreen\"><\/iframe><\/p>\n","protected":false},"excerpt":{"rendered":"<p>El reconocido cantante estuvo en el programa conducido por Sergio Lapeg\u00fce en TN. Por primera vez, el m\u00fasico se present\u00f3 con toda su banda. En una emisi\u00f3n especial del Prende y Apaga, el \u00a0bahiense hizo delirar a sus fans con sus canciones, en la previa de lo que ser\u00e1 su pr\u00f3ximo recital en el Estadio [&hellip;]<\/p>\n","protected":false},"author":9,"featured_media":31797,"comment_status":"closed","ping_status":"closed","sticky":false,"template":"","format":"standard","meta":{"_seopress_robots_primary_cat":"","_seopress_titles_title":"","_seopress_titles_desc":"","_seopress_robots_index":"","footnotes":""},"categories":[2],"tags":[29406],"class_list":{"0":"post-31776","1":"post","2":"type-post","3":"status-publish","4":"format-standard","5":"has-post-thumbnail","7":"category-tv","8":"tag-abel-pintos-en-prende-y-apaga"},"_links":{"self":[{"href":"https:\/\/www.cordobatimes.com\/showup\/wp-json\/wp\/v2\/posts\/31776","targetHints":{"allow":["GET"]}}],"collection":[{"href":"https:\/\/www.cordobatimes.com\/showup\/wp-json\/wp\/v2\/posts"}],"about":[{"href":"https:\/\/www.cordobatimes.com\/showup\/wp-json\/wp\/v2\/types\/post"}],"author":[{"embeddable":true,"href":"https:\/\/www.cordobatimes.com\/showup\/wp-json\/wp\/v2\/users\/9"}],"replies":[{"embeddable":true,"href":"https:\/\/www.cordobatimes.com\/showup\/wp-json\/wp\/v2\/comments?post=31776"}],"version-history":[{"count":0,"href":"https:\/\/www.cordobatimes.com\/showup\/wp-json\/wp\/v2\/posts\/31776\/revisions"}],"wp:featuredmedia":[{"embeddable":true,"href":"https:\/\/www.cordobatimes.com\/showup\/wp-json\/wp\/v2\/media\/31797"}],"wp:attachment":[{"href":"https:\/\/www.cordobatimes.com\/showup\/wp-json\/wp\/v2\/media?parent=31776"}],"wp:term":[{"taxonomy":"category","embeddable":true,"href":"https:\/\/www.cordobatimes.com\/showup\/wp-json\/wp\/v2\/categories?post=31776"},{"taxonomy":"post_tag","embeddable":true,"href":"https:\/\/www.cordobatimes.com\/showup\/wp-json\/wp\/v2\/tags?post=31776"}],"curies":[{"name":"wp","href":"https:\/\/api.w.org\/{rel}","templated":true}]}}