{"id":31774,"date":"2014-11-02T16:50:18","date_gmt":"2014-11-02T19:50:18","guid":{"rendered":"http:\/\/cordobatimes.com\/showup\/?p=31774"},"modified":"2020-02-06T09:16:51","modified_gmt":"2020-02-06T12:16:51","slug":"vuelve-a-la-television-el-emprendedor-del-millon","status":"publish","type":"post","link":"https:\/\/www.cordobatimes.com\/showup\/tv\/2014\/11\/02\/vuelve-a-la-television-el-emprendedor-del-millon\/","title":{"rendered":"Vuelve a la televisi\u00f3n \u00abEl emprendedor del mill\u00f3n\u00bb"},"content":{"rendered":"<h3 style=\"text-align: justify;\"><strong>Este domingo despu\u00e9s de \u201cTu Cara me suena\u201d, Telefe presenta la segunda temporada del reconocido ciclo.\u00a0<\/strong><\/h3>\n<p style=\"text-align: justify;\">La emisi\u00f3n contar\u00e1 con un jurado de especialistas, encabezado por Andy Freire y acompa\u00f1ado por Pia Slapka y Ricky Pashkus quienes estar\u00e1n a cargo de entrenar y evaluar a los emprendedores y sus ideas. El conductor en esta nueva temporada ser\u00e1 Juan Marconi.<\/p>\n<p style=\"text-align: justify;\">En esta nueva etapa participar\u00e1n 50 emprendedores, que deber\u00e1n superar desaf\u00edos cada semana, el camino no ser\u00e1 f\u00e1cil y solo hay lugar para un ganador que se llevar\u00e1 250 mil pesos para financiar su proyecto.<\/p>\n<p style=\"text-align: justify;\">En la primera emisi\u00f3n, los emprendedores deber\u00e1n afrontar la experiencia del Elevator Pitch, que consiste en contar su idea en el tiempo que dure el viaje en un ascensor y lograr interesar al jurado en su proyecto.<\/p>\n<p style=\"text-align: justify;\">\u201cEl Emprendedor del Mill\u00f3n\u201d desde este domingo, al t\u00e9rmino de \u201cTu Cara me suena\u201d por Telefe.<\/p>\n","protected":false},"excerpt":{"rendered":"<p>Este domingo despu\u00e9s de \u201cTu Cara me suena\u201d, Telefe presenta la segunda temporada del reconocido ciclo.\u00a0 La emisi\u00f3n contar\u00e1 con un jurado de especialistas, encabezado por Andy Freire y acompa\u00f1ado por Pia Slapka y Ricky Pashkus quienes estar\u00e1n a cargo de entrenar y evaluar a los emprendedores y sus ideas. El conductor en esta nueva [&hellip;]<\/p>\n","protected":false},"author":9,"featured_media":31793,"comment_status":"closed","ping_status":"closed","sticky":false,"template":"","format":"standard","meta":{"_seopress_robots_primary_cat":"","_seopress_titles_title":"","_seopress_titles_desc":"","_seopress_robots_index":"","footnotes":""},"categories":[2],"tags":[29407],"class_list":{"0":"post-31774","1":"post","2":"type-post","3":"status-publish","4":"format-standard","5":"has-post-thumbnail","7":"category-tv","8":"tag-el-emprendedor-del-millon"},"_links":{"self":[{"href":"https:\/\/www.cordobatimes.com\/showup\/wp-json\/wp\/v2\/posts\/31774","targetHints":{"allow":["GET"]}}],"collection":[{"href":"https:\/\/www.cordobatimes.com\/showup\/wp-json\/wp\/v2\/posts"}],"about":[{"href":"https:\/\/www.cordobatimes.com\/showup\/wp-json\/wp\/v2\/types\/post"}],"author":[{"embeddable":true,"href":"https:\/\/www.cordobatimes.com\/showup\/wp-json\/wp\/v2\/users\/9"}],"replies":[{"embeddable":true,"href":"https:\/\/www.cordobatimes.com\/showup\/wp-json\/wp\/v2\/comments?post=31774"}],"version-history":[{"count":0,"href":"https:\/\/www.cordobatimes.com\/showup\/wp-json\/wp\/v2\/posts\/31774\/revisions"}],"wp:featuredmedia":[{"embeddable":true,"href":"https:\/\/www.cordobatimes.com\/showup\/wp-json\/wp\/v2\/media\/31793"}],"wp:attachment":[{"href":"https:\/\/www.cordobatimes.com\/showup\/wp-json\/wp\/v2\/media?parent=31774"}],"wp:term":[{"taxonomy":"category","embeddable":true,"href":"https:\/\/www.cordobatimes.com\/showup\/wp-json\/wp\/v2\/categories?post=31774"},{"taxonomy":"post_tag","embeddable":true,"href":"https:\/\/www.cordobatimes.com\/showup\/wp-json\/wp\/v2\/tags?post=31774"}],"curies":[{"name":"wp","href":"https:\/\/api.w.org\/{rel}","templated":true}]}}