{"id":31606,"date":"2014-10-29T12:58:34","date_gmt":"2014-10-29T15:58:34","guid":{"rendered":"http:\/\/cordobatimes.com\/showup\/?p=31606"},"modified":"2020-01-30T16:08:04","modified_gmt":"2020-01-30T19:08:04","slug":"polemicas-declaraciones-de-fontanet","status":"publish","type":"post","link":"https:\/\/www.cordobatimes.com\/showup\/tv\/2014\/10\/29\/polemicas-declaraciones-de-fontanet\/","title":{"rendered":"Pol\u00e9micas declaraciones de Fontanet (V\u00eddeo)"},"content":{"rendered":"<h3 style=\"text-align: justify;\"><strong>El ex l\u00edder de la banda Callejeros habl\u00f3 sobre el tr\u00e1gico momento que pas\u00f3 en Croma\u00f1\u00f3n.<\/strong><\/h3>\n<p style=\"text-align: justify;\">Patricio Santos Fontanet habl\u00f3 en una entrevista que se emite hoy por la noche en el programa Minuto Uno de la se\u00f1al C5N.<\/p>\n<p style=\"text-align: justify;\">El cantante ofreci\u00f3 pol\u00e9mica declaraciones sobre la noche en la que su ex banda toc\u00f3 y murieron 149 personas tras incendiarse una media sombra,\u00a0\u00abNo fue la m\u00fasica la que mat\u00f3. Fue una cadena de actos de corrupci\u00f3n que desemboc\u00f3 en eso. Podr\u00eda haber pasado en un shopping como fue en Paraguay. Para no estar involucrado en la causa ten\u00eda que volver a nacer. Yo estuve preso porque fui a cantar\u00bb, expres\u00f3.<\/p>\n<p style=\"text-align: justify;\">Tambi\u00e9n habl\u00f3 del tiempo que estuvo encerrado y dijo,\u00a0\u00abEstuve 7 a\u00f1os sin hacer nada. Termin\u00e9 internado en un neuropsiqui\u00e1trico. Que piense que estaban equivocados no es que no entienda el dolor de las v\u00edctimas\u00bb.<\/p>\n<p style=\"text-align: justify;\">Por \u00faltimo, se refiri\u00f3 a las v\u00edctimas: \u00abNo puedo pedir disculpas por subir a cantar. Espero que se logre un entendimiento de la situaci\u00f3n de cada uno. Ojal\u00e1 que as\u00ed sea. Pido disculpas por cualquier cosa que pudo dolerles despu\u00e9s de la tragedia\u00bb.<\/p>\n<p style=\"text-align: justify;\">No te pierdas el v\u00eddeo.<\/p>\n<p><iframe loading=\"lazy\" src=\"\/\/www.youtube.com\/embed\/pOmEEayxbOs\" width=\"420\" height=\"315\" frameborder=\"0\" allowfullscreen=\"allowfullscreen\"><\/iframe><\/p>\n","protected":false},"excerpt":{"rendered":"<p>El ex l\u00edder de la banda Callejeros habl\u00f3 sobre el tr\u00e1gico momento que pas\u00f3 en Croma\u00f1\u00f3n. Patricio Santos Fontanet habl\u00f3 en una entrevista que se emite hoy por la noche en el programa Minuto Uno de la se\u00f1al C5N. El cantante ofreci\u00f3 pol\u00e9mica declaraciones sobre la noche en la que su ex banda toc\u00f3 y [&hellip;]<\/p>\n","protected":false},"author":17,"featured_media":31614,"comment_status":"closed","ping_status":"closed","sticky":false,"template":"","format":"standard","meta":{"_seopress_robots_primary_cat":"","_seopress_titles_title":"","_seopress_titles_desc":"","_seopress_robots_index":"","footnotes":""},"categories":[2],"tags":[29051,29050,29052,2291],"class_list":{"0":"post-31606","1":"post","2":"type-post","3":"status-publish","4":"format-standard","5":"has-post-thumbnail","7":"category-tv","8":"tag-patricio-santos-fontanet-cromanon","9":"tag-patricio-santos-fontanet-ex-lider-de-la-banda-callejeros","10":"tag-patricio-santos-fontanet-programa-minuto-uno","11":"tag-tragedia-de-cromanon"},"_links":{"self":[{"href":"https:\/\/www.cordobatimes.com\/showup\/wp-json\/wp\/v2\/posts\/31606","targetHints":{"allow":["GET"]}}],"collection":[{"href":"https:\/\/www.cordobatimes.com\/showup\/wp-json\/wp\/v2\/posts"}],"about":[{"href":"https:\/\/www.cordobatimes.com\/showup\/wp-json\/wp\/v2\/types\/post"}],"author":[{"embeddable":true,"href":"https:\/\/www.cordobatimes.com\/showup\/wp-json\/wp\/v2\/users\/17"}],"replies":[{"embeddable":true,"href":"https:\/\/www.cordobatimes.com\/showup\/wp-json\/wp\/v2\/comments?post=31606"}],"version-history":[{"count":0,"href":"https:\/\/www.cordobatimes.com\/showup\/wp-json\/wp\/v2\/posts\/31606\/revisions"}],"wp:featuredmedia":[{"embeddable":true,"href":"https:\/\/www.cordobatimes.com\/showup\/wp-json\/wp\/v2\/media\/31614"}],"wp:attachment":[{"href":"https:\/\/www.cordobatimes.com\/showup\/wp-json\/wp\/v2\/media?parent=31606"}],"wp:term":[{"taxonomy":"category","embeddable":true,"href":"https:\/\/www.cordobatimes.com\/showup\/wp-json\/wp\/v2\/categories?post=31606"},{"taxonomy":"post_tag","embeddable":true,"href":"https:\/\/www.cordobatimes.com\/showup\/wp-json\/wp\/v2\/tags?post=31606"}],"curies":[{"name":"wp","href":"https:\/\/api.w.org\/{rel}","templated":true}]}}