{"id":31558,"date":"2014-10-28T16:27:13","date_gmt":"2014-10-28T19:27:13","guid":{"rendered":"http:\/\/cordobatimes.com\/showup\/?p=31558"},"modified":"2020-01-30T16:25:58","modified_gmt":"2020-01-30T19:25:58","slug":"ricky-martin-fue-reconocido-como-huesped-de-honor-de-la-ciudad-de-buenos-aires","status":"publish","type":"post","link":"https:\/\/www.cordobatimes.com\/showup\/famosos\/2014\/10\/28\/ricky-martin-fue-reconocido-como-huesped-de-honor-de-la-ciudad-de-buenos-aires\/","title":{"rendered":"Ricky Martin fue reconocido como \u00abHu\u00e9sped de Honor de la Ciudad de Buenos Aires\u00bb"},"content":{"rendered":"<h3 style=\"text-align: justify;\"><strong>El cantante puertorrique\u00f1o, \u00a0quien se present\u00f3 un show solidario y gratuito en la Ciudad del Rock, \u00a0fue declarado ayer lunes \u00abHu\u00e9sped de Honor\u00bb por el gobierno porte\u00f1o.<\/strong><\/h3>\n<p style=\"text-align: justify;\">Martin, quien realiz\u00f3 un recital gratuito con entradas que se canjeaban por pa\u00f1ales y botellas para reciclar donde convoc\u00f3 a unas 80 mil personas, manifest\u00f3 su anhelo de seguir trabajando juntos en emprendimientos solidarios.<\/p>\n<p style=\"text-align: justify;\">La recaudaci\u00f3n ser\u00e1 destinada a distintos Centros de Primera Infancia de la Ciudad de Buenos Aires, por iniciativa conjunta de la Fundaci\u00f3n Ricky Martin, Coca Cola y el gobierno porte\u00f1o.<\/p>\n<p style=\"text-align: justify;\">La distinci\u00f3n a Martin la entreg\u00f3 la vicejefa de gobierno, Mar\u00eda Eugenia Vidal, junto el ministro de Cultura, Hern\u00e1n Lombardi.<\/p>\n<p style=\"text-align: justify;\">Adem\u00e1s, los funcionarios porte\u00f1os le entregaron al int\u00e9rprete la remera de los Juegos Ol\u00edmpicos de la Juventud, encuentro que la ciudad de Buenos Aires organizar\u00e1 en 2018.<\/p>\n","protected":false},"excerpt":{"rendered":"<p>El cantante puertorrique\u00f1o, \u00a0quien se present\u00f3 un show solidario y gratuito en la Ciudad del Rock, \u00a0fue declarado ayer lunes \u00abHu\u00e9sped de Honor\u00bb por el gobierno porte\u00f1o. Martin, quien realiz\u00f3 un recital gratuito con entradas que se canjeaban por pa\u00f1ales y botellas para reciclar donde convoc\u00f3 a unas 80 mil personas, manifest\u00f3 su anhelo de [&hellip;]<\/p>\n","protected":false},"author":9,"featured_media":31559,"comment_status":"closed","ping_status":"closed","sticky":false,"template":"","format":"standard","meta":{"_seopress_robots_primary_cat":"","_seopress_titles_title":"","_seopress_titles_desc":"","_seopress_robots_index":"","footnotes":""},"categories":[4],"tags":[9014,29061],"class_list":{"0":"post-31558","1":"post","2":"type-post","3":"status-publish","4":"format-standard","5":"has-post-thumbnail","7":"category-famosos","8":"tag-fundacion-ricky-martin","9":"tag-ricky-martin-huesped-de-honor-de-la-ciudad-de-buenos-aires"},"_links":{"self":[{"href":"https:\/\/www.cordobatimes.com\/showup\/wp-json\/wp\/v2\/posts\/31558","targetHints":{"allow":["GET"]}}],"collection":[{"href":"https:\/\/www.cordobatimes.com\/showup\/wp-json\/wp\/v2\/posts"}],"about":[{"href":"https:\/\/www.cordobatimes.com\/showup\/wp-json\/wp\/v2\/types\/post"}],"author":[{"embeddable":true,"href":"https:\/\/www.cordobatimes.com\/showup\/wp-json\/wp\/v2\/users\/9"}],"replies":[{"embeddable":true,"href":"https:\/\/www.cordobatimes.com\/showup\/wp-json\/wp\/v2\/comments?post=31558"}],"version-history":[{"count":0,"href":"https:\/\/www.cordobatimes.com\/showup\/wp-json\/wp\/v2\/posts\/31558\/revisions"}],"wp:featuredmedia":[{"embeddable":true,"href":"https:\/\/www.cordobatimes.com\/showup\/wp-json\/wp\/v2\/media\/31559"}],"wp:attachment":[{"href":"https:\/\/www.cordobatimes.com\/showup\/wp-json\/wp\/v2\/media?parent=31558"}],"wp:term":[{"taxonomy":"category","embeddable":true,"href":"https:\/\/www.cordobatimes.com\/showup\/wp-json\/wp\/v2\/categories?post=31558"},{"taxonomy":"post_tag","embeddable":true,"href":"https:\/\/www.cordobatimes.com\/showup\/wp-json\/wp\/v2\/tags?post=31558"}],"curies":[{"name":"wp","href":"https:\/\/api.w.org\/{rel}","templated":true}]}}