{"id":31517,"date":"2014-10-28T16:48:01","date_gmt":"2014-10-28T19:48:01","guid":{"rendered":"http:\/\/cordobatimes.com\/showup\/?p=31517"},"modified":"2020-01-30T16:21:10","modified_gmt":"2020-01-30T19:21:10","slug":"shakira-innova-con-su-linea-de-juguetes-para-bebes","status":"publish","type":"post","link":"https:\/\/www.cordobatimes.com\/showup\/famosos\/2014\/10\/28\/shakira-innova-con-su-linea-de-juguetes-para-bebes\/","title":{"rendered":"Shakira innova con su l\u00ednea de juguetes para beb\u00e9s"},"content":{"rendered":"<h3 style=\"text-align: justify;\"><strong>La colombiana se asoci\u00f3 con una compa\u00f1\u00eda de juguetes para lanzar una l\u00ednea para beb\u00e9s as\u00ed como una ciberserie para mam\u00e1s.<\/strong><\/h3>\n<p style=\"text-align: justify;\">La compa\u00f1\u00eda de juguetes anunci\u00f3 el viernes que la colecci\u00f3n y art\u00edculos para beb\u00e9s estar\u00e1n disponibles en noviembre.<\/p>\n<p>Shakira ayud\u00f3 a desarrollar seis productos, incluyendo una hamaquita musical, bloques con las letras del alfabeto y un bal\u00f3n de f\u00fatbol musical, en una oda a su pareja, el futbolista Gerard Piqu\u00e9.<\/p>\n<p style=\"text-align: justify;\">Todas las ganancias beneficiar\u00e1n a su Fundaci\u00f3n Pies Descalzos, que provee educaci\u00f3n y alimento a ni\u00f1os en \u00e1reas pobres de su nativa Colombia. Los productos se podr\u00e1n comprar por adelantado en Amazon a partir del lunes.<\/p>\n<p style=\"text-align: justify;\">\u00abVi lo importante que son los hitos del desarrollo y c\u00f3mo los juguetes pueden ayudar a los beb\u00e9s a alcanzarlos &#8211; incluido mi propio hijo\u00bb, dijo Shakira en un comunicado, en ingl\u00e9s.<\/p>\n<p>\u00abQuise dise\u00f1ar una l\u00ednea de juguetes que estimulara el desarrollo en las cruciales etapas tempranas de la vida, las etapas en que el aprendizaje se puede lograr a trav\u00e9s del juego supervisado, fomentando el desarrollo de las habilidades psicol\u00f3gicas, sociales y motoras\u00bb.<\/p>\n<p style=\"text-align: justify;\">La ciberserie de 12 episodios se estrena el lunes y est\u00e1 dirigida a la generaci\u00f3n del milenio. En algunos cap\u00edtulos, de un minuto cada uno, podr\u00e1 verse su hijo.<\/p>\n","protected":false},"excerpt":{"rendered":"<p>La colombiana se asoci\u00f3 con una compa\u00f1\u00eda de juguetes para lanzar una l\u00ednea para beb\u00e9s as\u00ed como una ciberserie para mam\u00e1s. La compa\u00f1\u00eda de juguetes anunci\u00f3 el viernes que la colecci\u00f3n y art\u00edculos para beb\u00e9s estar\u00e1n disponibles en noviembre. Shakira ayud\u00f3 a desarrollar seis productos, incluyendo una hamaquita musical, bloques con las letras del alfabeto [&hellip;]<\/p>\n","protected":false},"author":9,"featured_media":31567,"comment_status":"closed","ping_status":"closed","sticky":false,"template":"","format":"standard","meta":{"_seopress_robots_primary_cat":"","_seopress_titles_title":"","_seopress_titles_desc":"","_seopress_robots_index":"","footnotes":""},"categories":[4],"tags":[29057,29056,29055],"class_list":{"0":"post-31517","1":"post","2":"type-post","3":"status-publish","4":"format-standard","5":"has-post-thumbnail","7":"category-famosos","8":"tag-fundacion-pies-descalzos-de-shakira","9":"tag-shakira-ciberserie-para-mamas","10":"tag-shakira-linea-de-juguetes-para-bebes"},"_links":{"self":[{"href":"https:\/\/www.cordobatimes.com\/showup\/wp-json\/wp\/v2\/posts\/31517","targetHints":{"allow":["GET"]}}],"collection":[{"href":"https:\/\/www.cordobatimes.com\/showup\/wp-json\/wp\/v2\/posts"}],"about":[{"href":"https:\/\/www.cordobatimes.com\/showup\/wp-json\/wp\/v2\/types\/post"}],"author":[{"embeddable":true,"href":"https:\/\/www.cordobatimes.com\/showup\/wp-json\/wp\/v2\/users\/9"}],"replies":[{"embeddable":true,"href":"https:\/\/www.cordobatimes.com\/showup\/wp-json\/wp\/v2\/comments?post=31517"}],"version-history":[{"count":0,"href":"https:\/\/www.cordobatimes.com\/showup\/wp-json\/wp\/v2\/posts\/31517\/revisions"}],"wp:featuredmedia":[{"embeddable":true,"href":"https:\/\/www.cordobatimes.com\/showup\/wp-json\/wp\/v2\/media\/31567"}],"wp:attachment":[{"href":"https:\/\/www.cordobatimes.com\/showup\/wp-json\/wp\/v2\/media?parent=31517"}],"wp:term":[{"taxonomy":"category","embeddable":true,"href":"https:\/\/www.cordobatimes.com\/showup\/wp-json\/wp\/v2\/categories?post=31517"},{"taxonomy":"post_tag","embeddable":true,"href":"https:\/\/www.cordobatimes.com\/showup\/wp-json\/wp\/v2\/tags?post=31517"}],"curies":[{"name":"wp","href":"https:\/\/api.w.org\/{rel}","templated":true}]}}