{"id":31513,"date":"2014-10-28T16:20:04","date_gmt":"2014-10-28T19:20:04","guid":{"rendered":"http:\/\/cordobatimes.com\/showup\/?p=31513"},"modified":"2020-01-30T16:28:56","modified_gmt":"2020-01-30T19:28:56","slug":"rebautizan-a-rapido-y-furioso-7-video","status":"publish","type":"post","link":"https:\/\/www.cordobatimes.com\/showup\/cine-y-series\/2014\/10\/28\/rebautizan-a-rapido-y-furioso-7-video\/","title":{"rendered":"Rebautizan a \u00abR\u00e1pido y Furioso 7\u00bb (Video)"},"content":{"rendered":"<h3 style=\"text-align: justify;\"><strong>La \u00faltima edici\u00f3n de la pel\u00edcula \u00abR\u00e1pido y Furioso\u00bb \u00a0finalmente se llamar\u00e1 \u00a0\u00abFurioso 7\u00bb.<\/strong><\/h3>\n<p style=\"text-align: justify;\">El nuevo t\u00edtulo de la pel\u00edcula, anteriormente conocida como \u00abR\u00e1pido y Furioso 7\u00bb, fue presentado el domingo por Universal Pictures.<\/p>\n<p style=\"text-align: justify;\">El filme, que debe estrenarse en abril, es uno de los \u00faltimos en que act\u00faa Paul Walker, quien falleci\u00f3 en un accidente automovil\u00edstico en noviembre del a\u00f1o pasado.<\/p>\n<p style=\"text-align: justify;\">Walker falleci\u00f3 a la mitad de la filmaci\u00f3n de \u00abFurioso 7\u00bb, que incluir\u00e1 su actuaci\u00f3n.<\/p>\n<p style=\"text-align: justify;\">M\u00e1s que quiz\u00e1s cualquier otra franquicia, las pel\u00edculas \u00abR\u00e1pido y Furioso\u00bb se han mantenido alejadas del mismo t\u00edtulo y han mezclado, furiosamente, art\u00edculos y n\u00fameros en combinaciones siempre cambiantes como \u00abM\u00e1s R\u00e1pido M\u00e1s Furioso\u00bb, `&#8217;The Fast and the Furious\u00bb y \u00abR\u00e1pido 5\u00bb.<\/p>\n<p><iframe loading=\"lazy\" src=\"\/\/www.youtube.com\/embed\/gq4_NLjA5nQ\" width=\"560\" height=\"315\" frameborder=\"0\" allowfullscreen=\"allowfullscreen\"><\/iframe><\/p>\n","protected":false},"excerpt":{"rendered":"<p>La \u00faltima edici\u00f3n de la pel\u00edcula \u00abR\u00e1pido y Furioso\u00bb \u00a0finalmente se llamar\u00e1 \u00a0\u00abFurioso 7\u00bb. El nuevo t\u00edtulo de la pel\u00edcula, anteriormente conocida como \u00abR\u00e1pido y Furioso 7\u00bb, fue presentado el domingo por Universal Pictures. El filme, que debe estrenarse en abril, es uno de los \u00faltimos en que act\u00faa Paul Walker, quien falleci\u00f3 en un [&hellip;]<\/p>\n","protected":false},"author":9,"featured_media":31556,"comment_status":"closed","ping_status":"closed","sticky":false,"template":"","format":"standard","meta":{"_seopress_robots_primary_cat":"","_seopress_titles_title":"","_seopress_titles_desc":"","_seopress_robots_index":"","footnotes":""},"categories":[3],"tags":[29063,29062],"class_list":{"0":"post-31513","1":"post","2":"type-post","3":"status-publish","4":"format-standard","5":"has-post-thumbnail","7":"category-cine-y-series","8":"tag-furioso-7-paul-walker","9":"tag-rapido-y-furioso-7-furioso-7"},"_links":{"self":[{"href":"https:\/\/www.cordobatimes.com\/showup\/wp-json\/wp\/v2\/posts\/31513","targetHints":{"allow":["GET"]}}],"collection":[{"href":"https:\/\/www.cordobatimes.com\/showup\/wp-json\/wp\/v2\/posts"}],"about":[{"href":"https:\/\/www.cordobatimes.com\/showup\/wp-json\/wp\/v2\/types\/post"}],"author":[{"embeddable":true,"href":"https:\/\/www.cordobatimes.com\/showup\/wp-json\/wp\/v2\/users\/9"}],"replies":[{"embeddable":true,"href":"https:\/\/www.cordobatimes.com\/showup\/wp-json\/wp\/v2\/comments?post=31513"}],"version-history":[{"count":0,"href":"https:\/\/www.cordobatimes.com\/showup\/wp-json\/wp\/v2\/posts\/31513\/revisions"}],"wp:featuredmedia":[{"embeddable":true,"href":"https:\/\/www.cordobatimes.com\/showup\/wp-json\/wp\/v2\/media\/31556"}],"wp:attachment":[{"href":"https:\/\/www.cordobatimes.com\/showup\/wp-json\/wp\/v2\/media?parent=31513"}],"wp:term":[{"taxonomy":"category","embeddable":true,"href":"https:\/\/www.cordobatimes.com\/showup\/wp-json\/wp\/v2\/categories?post=31513"},{"taxonomy":"post_tag","embeddable":true,"href":"https:\/\/www.cordobatimes.com\/showup\/wp-json\/wp\/v2\/tags?post=31513"}],"curies":[{"name":"wp","href":"https:\/\/api.w.org\/{rel}","templated":true}]}}