{"id":31401,"date":"2014-10-25T16:53:05","date_gmt":"2014-10-25T19:53:05","guid":{"rendered":"http:\/\/cordobatimes.com\/showup\/?p=31401"},"modified":"2020-01-31T09:42:21","modified_gmt":"2020-01-31T12:42:21","slug":"halt-and-catch-fire-la-ficcion-de-campanella-debuta-en-nuestro-pais","status":"publish","type":"post","link":"https:\/\/www.cordobatimes.com\/showup\/tv\/2014\/10\/25\/halt-and-catch-fire-la-ficcion-de-campanella-debuta-en-nuestro-pais\/","title":{"rendered":"\u00abHalt and Catch Fire\u00bb, la ficci\u00f3n de Campanella, debuta en nuestro pa\u00eds"},"content":{"rendered":"<h3 style=\"text-align: justify;\"><strong>AMC anuncia que estrenar\u00e1 de manera exclusiva la nueva serie el 28 de octubre a las 21 horas en un especial de dos horas presentando dos cap\u00edtulos consecutivos. <\/strong><\/h3>\n<p style=\"text-align: justify;\">Situada a comienzos de los a\u00f1os \u00b480, una era de vertiginosos avances y expansi\u00f3n en la incipiente industria de las computadoras personales, este drama de 10 episodios captura el esp\u00edritu de esa nueva frontera tecnol\u00f3gica en un mundo en el umbral de un cambio sin precedentes.<\/p>\n<p style=\"text-align: justify;\">El estreno exclusivo de \u201cHalt and Catch Fire\u201d coincidir\u00e1 con el primer lanzamiento de la historia de AMC fuera de Norteam\u00e9rica el 27 de octubre.<\/p>\n<p style=\"text-align: justify;\">AMC Networks realizar\u00e1 un rebranding de MGM Channel, que pasar\u00e1 a ser AMC desde esta fecha. AMC ha presentado algunos de las series m\u00e1s aclamadas y galardonadas de la televisi\u00f3n estadounidense de la \u00faltima d\u00e9cada, incluyendo \u201cThe Walking Dead\u201d, \u201cMad Men\u201d y \u201cBreaking Bad\u201d.<\/p>\n<p style=\"text-align: justify;\">El reconocido director argentino Juan Jos\u00e9 Campanella dirigi\u00f3 el piloto de la serie y dos episodios adicionales. Campanella fue ganador de del premio Oscar por El Secreto de sus ojos y dirigi\u00f3 otras aclamadas pel\u00edculas y proyectos televisivos muy aclamados.<\/p>\n<p style=\"text-align: justify;\">\u201cHalt and Catch Fire\u201d tiene lugar poco despu\u00e9s de que IBM tom\u00f3 control del mercado de las computadoras personales con el lanzamiento de su primer y m\u00e1s importante prototipo, la IBM PC. Sin embargo, algunos visionarios de la industria han identificado la falla fatal de la IBM PC: su sistema operativo puede ser \u201cdescifrado\u201d, c\u00f3digo por c\u00f3digo, y recreado con mejoras significativas. El mundo de las PC se convierte en un juego para cualquiera y un tr\u00edo impensado \u2013un h\u00e1bil vendedor, un ambicioso ingeniero y una joven prodigio de los c\u00f3digos computacionales\u2013 toman riesgos personales y profesionales en la carrera hacia la creaci\u00f3n de una nueva computadora que cambiar\u00e1 el mundo tal como lo conoc\u00edan.<\/p>\n<p style=\"text-align: justify;\">\u201cHalt and Catch Fire\u201d ha sido recibida con entusiasmo por los cr\u00edticos de TV de los Estados Unidos y se espera una segunda temporada. La revista US Magazine la describe como un \u201csorprendente drama tecnol\u00f3gico\u201d y CT News.com la ha llamado \u201cun crossover de estilos muy bien logrado\u201d. El Chicago Sun Times, a su vez, public\u00f3: \u201cLa acci\u00f3n transcurre hace menos de 30 a\u00f1os pero podr\u00eda suceder en la mayor de las oscuridades intelectuales si se la mira con los ojos de la tecnolog\u00eda de hoy d\u00eda. Eso es en parte lo que la convierte en una serie tan entretenida\u201d. El Wall Street Journal predijo \u2018Halt and Catch Fire\u2019 le dar\u00e1 a los a\u00f1os \u201880 el tipo de tratamiento iconogr\u00e1fico similar a lo que logr\u00f3 otra de las series de AMC \u2018Mad Men\u2019 con la d\u00e9cada de los \u201860\u201d.<\/p>\n<p style=\"text-align: justify;\">Nuevos episodios de \u201cHalt and Catch Fire\u201d debutar\u00e1n todos los martes a las 10 siguiendo el especial de dos horas. La temporada termina con un especial de dos horas con dos episodios consecutivos el 16 de diciembre a las 21 horas.<\/p>\n","protected":false},"excerpt":{"rendered":"<p>AMC anuncia que estrenar\u00e1 de manera exclusiva la nueva serie el 28 de octubre a las 21 horas en un especial de dos horas presentando dos cap\u00edtulos consecutivos. Situada a comienzos de los a\u00f1os \u00b480, una era de vertiginosos avances y expansi\u00f3n en la incipiente industria de las computadoras personales, este drama de 10 episodios [&hellip;]<\/p>\n","protected":false},"author":9,"featured_media":31410,"comment_status":"closed","ping_status":"closed","sticky":false,"template":"","format":"standard","meta":{"_seopress_robots_primary_cat":"","_seopress_titles_title":"","_seopress_titles_desc":"","_seopress_robots_index":"","footnotes":""},"categories":[2],"tags":[29090],"class_list":{"0":"post-31401","1":"post","2":"type-post","3":"status-publish","4":"format-standard","5":"has-post-thumbnail","7":"category-tv","8":"tag-halt-and-catch-fire-la-ficcion-de-campanella"},"_links":{"self":[{"href":"https:\/\/www.cordobatimes.com\/showup\/wp-json\/wp\/v2\/posts\/31401","targetHints":{"allow":["GET"]}}],"collection":[{"href":"https:\/\/www.cordobatimes.com\/showup\/wp-json\/wp\/v2\/posts"}],"about":[{"href":"https:\/\/www.cordobatimes.com\/showup\/wp-json\/wp\/v2\/types\/post"}],"author":[{"embeddable":true,"href":"https:\/\/www.cordobatimes.com\/showup\/wp-json\/wp\/v2\/users\/9"}],"replies":[{"embeddable":true,"href":"https:\/\/www.cordobatimes.com\/showup\/wp-json\/wp\/v2\/comments?post=31401"}],"version-history":[{"count":0,"href":"https:\/\/www.cordobatimes.com\/showup\/wp-json\/wp\/v2\/posts\/31401\/revisions"}],"wp:featuredmedia":[{"embeddable":true,"href":"https:\/\/www.cordobatimes.com\/showup\/wp-json\/wp\/v2\/media\/31410"}],"wp:attachment":[{"href":"https:\/\/www.cordobatimes.com\/showup\/wp-json\/wp\/v2\/media?parent=31401"}],"wp:term":[{"taxonomy":"category","embeddable":true,"href":"https:\/\/www.cordobatimes.com\/showup\/wp-json\/wp\/v2\/categories?post=31401"},{"taxonomy":"post_tag","embeddable":true,"href":"https:\/\/www.cordobatimes.com\/showup\/wp-json\/wp\/v2\/tags?post=31401"}],"curies":[{"name":"wp","href":"https:\/\/api.w.org\/{rel}","templated":true}]}}