{"id":31380,"date":"2014-10-25T16:59:56","date_gmt":"2014-10-25T19:59:56","guid":{"rendered":"http:\/\/cordobatimes.com\/showup\/?p=31380"},"modified":"2020-01-31T09:39:21","modified_gmt":"2020-01-31T12:39:21","slug":"johnny-depp-sera-un-lobo-bien-feroz-fotos","status":"publish","type":"post","link":"https:\/\/www.cordobatimes.com\/showup\/cine-y-series\/2014\/10\/25\/johnny-depp-sera-un-lobo-bien-feroz-fotos\/","title":{"rendered":"Johnny Depp ser\u00e1 un lobo bien feroz (Fotos)"},"content":{"rendered":"<h3 style=\"text-align: justify;\"><strong>\u00abInto the Woods\u00bb, la nueva pel\u00edcula de Disney que mezcla los distintos cuentos de los hermanos Grimm, ha desvelado una docena de nueva im\u00e1genes. <\/strong><\/h3>\n<p style=\"text-align: justify;\">La cinta, que cuenta con un reparto encabezado por Johnny Depp, Meryl Streep y Chris Pine llegar\u00e1 a los cines el d\u00eda de A\u00f1o Nuevo.<\/p>\n<p style=\"text-align: justify;\">En ellas, exclusivas de Entertainment Weekly, no solo vemos a Caperucita Roja o a princesas como Cenicienta o Rapunzel.<\/p>\n<p style=\"text-align: justify;\">La novedad de las nuevas fotograf\u00edas est\u00e1 en un primer vistazo a un personaje muy esperado: El Lobo Feroz -con un aspecto bastante humano- del popular Johnny Depp que, c\u00f3mo no, vuelve a disfrazarse.<\/p>\n<p style=\"text-align: justify;\">Adem\u00e1s, podemos observar diversos concept arts que mostraban distintos escenarios de la cinta y el posible aspecto -muy similar al que han terminado llevando- que iban a vestir Meryl Streep, la malvada bruja de la historia, y Chris Pine, pr\u00edncipe de cuento.<\/p>\n<p style=\"text-align: justify;\"><a href=\"http:\/\/cordobatimes.com\/showup\/wp-content\/uploads\/2014\/10\/15.jpg\"><img loading=\"lazy\" decoding=\"async\" class=\"alignnone size-full wp-image-31412\" src=\"http:\/\/cordobatimes.com\/showup\/wp-content\/uploads\/2014\/10\/15.jpg\" alt=\"1\" width=\"612\" height=\"816\" srcset=\"https:\/\/www.cordobatimes.com\/showup\/wp-content\/uploads\/2014\/10\/15.jpg 612w, https:\/\/www.cordobatimes.com\/showup\/wp-content\/uploads\/2014\/10\/15-225x300.jpg 225w\" sizes=\"auto, (max-width: 612px) 100vw, 612px\" \/><\/a><\/p>\n<p style=\"text-align: justify;\"><a href=\"http:\/\/cordobatimes.com\/showup\/wp-content\/uploads\/2014\/10\/21.jpg\"><img loading=\"lazy\" decoding=\"async\" class=\"alignnone size-full wp-image-31413\" src=\"http:\/\/cordobatimes.com\/showup\/wp-content\/uploads\/2014\/10\/21.jpg\" alt=\"2\" width=\"612\" height=\"816\" srcset=\"https:\/\/www.cordobatimes.com\/showup\/wp-content\/uploads\/2014\/10\/21.jpg 612w, https:\/\/www.cordobatimes.com\/showup\/wp-content\/uploads\/2014\/10\/21-225x300.jpg 225w\" sizes=\"auto, (max-width: 612px) 100vw, 612px\" \/><\/a><\/p>\n<p style=\"text-align: justify;\"><a href=\"http:\/\/cordobatimes.com\/showup\/wp-content\/uploads\/2014\/10\/31.jpg\"><img loading=\"lazy\" decoding=\"async\" class=\"alignnone size-full wp-image-31414\" src=\"http:\/\/cordobatimes.com\/showup\/wp-content\/uploads\/2014\/10\/31.jpg\" alt=\"3\" width=\"612\" height=\"816\" srcset=\"https:\/\/www.cordobatimes.com\/showup\/wp-content\/uploads\/2014\/10\/31.jpg 612w, https:\/\/www.cordobatimes.com\/showup\/wp-content\/uploads\/2014\/10\/31-225x300.jpg 225w\" sizes=\"auto, (max-width: 612px) 100vw, 612px\" \/><\/a><\/p>\n","protected":false},"excerpt":{"rendered":"<p>\u00abInto the Woods\u00bb, la nueva pel\u00edcula de Disney que mezcla los distintos cuentos de los hermanos Grimm, ha desvelado una docena de nueva im\u00e1genes. La cinta, que cuenta con un reparto encabezado por Johnny Depp, Meryl Streep y Chris Pine llegar\u00e1 a los cines el d\u00eda de A\u00f1o Nuevo. En ellas, exclusivas de Entertainment Weekly, [&hellip;]<\/p>\n","protected":false},"author":9,"featured_media":31385,"comment_status":"closed","ping_status":"closed","sticky":false,"template":"","format":"standard","meta":{"_seopress_robots_primary_cat":"","_seopress_titles_title":"","_seopress_titles_desc":"","_seopress_robots_index":"","footnotes":""},"categories":[3],"tags":[29087,29089,29088],"class_list":{"0":"post-31380","1":"post","2":"type-post","3":"status-publish","4":"format-standard","5":"has-post-thumbnail","7":"category-cine-y-series","8":"tag-cuentos-de-los-hermanos-grimm","9":"tag-into-the-woods-johnny-depp","10":"tag-johnny-depp-el-lobo-feroz"},"_links":{"self":[{"href":"https:\/\/www.cordobatimes.com\/showup\/wp-json\/wp\/v2\/posts\/31380","targetHints":{"allow":["GET"]}}],"collection":[{"href":"https:\/\/www.cordobatimes.com\/showup\/wp-json\/wp\/v2\/posts"}],"about":[{"href":"https:\/\/www.cordobatimes.com\/showup\/wp-json\/wp\/v2\/types\/post"}],"author":[{"embeddable":true,"href":"https:\/\/www.cordobatimes.com\/showup\/wp-json\/wp\/v2\/users\/9"}],"replies":[{"embeddable":true,"href":"https:\/\/www.cordobatimes.com\/showup\/wp-json\/wp\/v2\/comments?post=31380"}],"version-history":[{"count":0,"href":"https:\/\/www.cordobatimes.com\/showup\/wp-json\/wp\/v2\/posts\/31380\/revisions"}],"wp:featuredmedia":[{"embeddable":true,"href":"https:\/\/www.cordobatimes.com\/showup\/wp-json\/wp\/v2\/media\/31385"}],"wp:attachment":[{"href":"https:\/\/www.cordobatimes.com\/showup\/wp-json\/wp\/v2\/media?parent=31380"}],"wp:term":[{"taxonomy":"category","embeddable":true,"href":"https:\/\/www.cordobatimes.com\/showup\/wp-json\/wp\/v2\/categories?post=31380"},{"taxonomy":"post_tag","embeddable":true,"href":"https:\/\/www.cordobatimes.com\/showup\/wp-json\/wp\/v2\/tags?post=31380"}],"curies":[{"name":"wp","href":"https:\/\/api.w.org\/{rel}","templated":true}]}}