{"id":31067,"date":"2014-10-21T14:50:29","date_gmt":"2014-10-21T17:50:29","guid":{"rendered":"http:\/\/cordobatimes.com\/showup\/?p=31067"},"modified":"2020-01-31T11:06:05","modified_gmt":"2020-01-31T14:06:05","slug":"despues-de-40-anos-reestreno-la-mary-remasterizada","status":"publish","type":"post","link":"https:\/\/www.cordobatimes.com\/showup\/cine-y-series\/2014\/10\/21\/despues-de-40-anos-reestreno-la-mary-remasterizada\/","title":{"rendered":"Despu\u00e9s de 40 a\u00f1os, reestren\u00f3 \u00abLa Mary\u00bb remasterizada"},"content":{"rendered":"<h3><strong>En la noche del lunes regres\u00f3 a la pantalla grande \u00a0la pel\u00edcula dirigida por Daniel Tinayre y protagonizada por Susana Gim\u00e9nez y Carlos Monz\u00f3n.<\/strong><\/h3>\n<p>El estreno de la cinta remasterizada se llev\u00f3 a cabo en la Usina del Arte y entre los presentes, adem\u00e1s de Susana por supuesto, se encontraban: Marcela Tinayre, Moria Cas\u00e1n, Nacho Viale, Antonio Gasalla, Mauricio Macri y Hern\u00e1n Lombardi, quienes entregaron una placa a Susana y a la familia Tinayre.<\/p>\n<p>Tambi\u00e9n estuvieron Mercedes Sarrabayrouse junto a sus hijos Luc\u00eda y Manuel Celasco, Patricio Gim\u00e9nez y Silvia Monz\u00f3n, la hija de Carlos Monz\u00f3n.<\/p>\n<p>Gustavo Yankelevich y Tom\u00e1s, Antonio Grimau, Dora Baret, Ver\u00f3nica Varano, Marley, Elizabeth Vernaci, Julieta Prandi, Axel Kuschevatzky, Tini Stoessel y Peter Lanzani, H\u00e9ctor Cavallero, Luc\u00eda Gal\u00e1n, Karina Rabolini, Carmen Yazalde, entre otros, no faltaron a la gran noche.<\/p>\n<p><a href=\"http:\/\/cordobatimes.com\/showup\/wp-content\/uploads\/2014\/10\/la-mary-susana.jpg\"><img loading=\"lazy\" decoding=\"async\" class=\"alignnone size-full wp-image-31140\" src=\"http:\/\/cordobatimes.com\/showup\/wp-content\/uploads\/2014\/10\/la-mary-susana.jpg\" alt=\"la mary - susana\" width=\"970\" height=\"666\" data-id=\"31140\" srcset=\"https:\/\/www.cordobatimes.com\/showup\/wp-content\/uploads\/2014\/10\/la-mary-susana.jpg 970w, https:\/\/www.cordobatimes.com\/showup\/wp-content\/uploads\/2014\/10\/la-mary-susana-300x205.jpg 300w, https:\/\/www.cordobatimes.com\/showup\/wp-content\/uploads\/2014\/10\/la-mary-susana-600x411.jpg 600w\" sizes=\"auto, (max-width: 970px) 100vw, 970px\" \/><\/a><\/p>\n","protected":false},"excerpt":{"rendered":"<p>En la noche del lunes regres\u00f3 a la pantalla grande \u00a0la pel\u00edcula dirigida por Daniel Tinayre y protagonizada por Susana Gim\u00e9nez y Carlos Monz\u00f3n. El estreno de la cinta remasterizada se llev\u00f3 a cabo en la Usina del Arte y entre los presentes, adem\u00e1s de Susana por supuesto, se encontraban: Marcela Tinayre, Moria Cas\u00e1n, Nacho [&hellip;]<\/p>\n","protected":false},"author":9,"featured_media":31139,"comment_status":"closed","ping_status":"closed","sticky":false,"template":"","format":"standard","meta":{"_seopress_robots_primary_cat":"","_seopress_titles_title":"","_seopress_titles_desc":"","_seopress_robots_index":"","footnotes":""},"categories":[3],"tags":[9926,29108],"class_list":{"0":"post-31067","1":"post","2":"type-post","3":"status-publish","4":"format-standard","5":"has-post-thumbnail","7":"category-cine-y-series","8":"tag-la-mary-remasterizada","9":"tag-susana-gimenez-y-carlos-monzon"},"_links":{"self":[{"href":"https:\/\/www.cordobatimes.com\/showup\/wp-json\/wp\/v2\/posts\/31067","targetHints":{"allow":["GET"]}}],"collection":[{"href":"https:\/\/www.cordobatimes.com\/showup\/wp-json\/wp\/v2\/posts"}],"about":[{"href":"https:\/\/www.cordobatimes.com\/showup\/wp-json\/wp\/v2\/types\/post"}],"author":[{"embeddable":true,"href":"https:\/\/www.cordobatimes.com\/showup\/wp-json\/wp\/v2\/users\/9"}],"replies":[{"embeddable":true,"href":"https:\/\/www.cordobatimes.com\/showup\/wp-json\/wp\/v2\/comments?post=31067"}],"version-history":[{"count":0,"href":"https:\/\/www.cordobatimes.com\/showup\/wp-json\/wp\/v2\/posts\/31067\/revisions"}],"wp:featuredmedia":[{"embeddable":true,"href":"https:\/\/www.cordobatimes.com\/showup\/wp-json\/wp\/v2\/media\/31139"}],"wp:attachment":[{"href":"https:\/\/www.cordobatimes.com\/showup\/wp-json\/wp\/v2\/media?parent=31067"}],"wp:term":[{"taxonomy":"category","embeddable":true,"href":"https:\/\/www.cordobatimes.com\/showup\/wp-json\/wp\/v2\/categories?post=31067"},{"taxonomy":"post_tag","embeddable":true,"href":"https:\/\/www.cordobatimes.com\/showup\/wp-json\/wp\/v2\/tags?post=31067"}],"curies":[{"name":"wp","href":"https:\/\/api.w.org\/{rel}","templated":true}]}}