{"id":31026,"date":"2014-10-20T11:45:51","date_gmt":"2014-10-20T14:45:51","guid":{"rendered":"http:\/\/cordobatimes.com\/showup\/?p=31026"},"modified":"2020-01-31T17:11:55","modified_gmt":"2020-01-31T20:11:55","slug":"benjamin-vicuna-presento-a-benicio","status":"publish","type":"post","link":"https:\/\/www.cordobatimes.com\/showup\/famosos\/2014\/10\/20\/benjamin-vicuna-presento-a-benicio\/","title":{"rendered":"Benjam\u00edn Vicu\u00f1a present\u00f3 a Benicio"},"content":{"rendered":"<h3 style=\"text-align: justify;\"><strong>El actor chileno subi\u00f3 a su cuenta oficial de la red social la primera foto de su hijo con la modelo Carolina Pampita Ardohain.<\/strong><\/h3>\n<p style=\"text-align: justify;\">El actor chileno Benjam\u00edn Vicu\u00f1a comparti\u00f3 a trav\u00e9s de su cuenta de Twitter,\u00a0la foto de presentaci\u00f3n de Benicio.<\/p>\n<p style=\"text-align: justify;\">La tierna imagen familiar se ve a todos los hombres de la familia, Bautista, Beltran y el m\u00e1s peque\u00f1o con tan solo una semana de vida. \u00abA la cancha todos, vamos @ColoColo, somos m\u00e1s que nunca\u00bb<b>,\u00a0<\/b>escribi\u00f3 el artista junto a la imagen en la que se lo pudo ver sosteniendo en brazos, todos lookeados con las camisetas de ese club de f\u00fatbol trasandino.<\/p>\n<p style=\"text-align: justify;\">No te pierdas la foto.<\/p>\n<p>&nbsp;<\/p>\n<blockquote class=\"twitter-tweet\" data-lang=\"es\">\n<p dir=\"ltr\" lang=\"es\">A la cancha todos, vamos <a href=\"https:\/\/twitter.com\/ColoColo?ref_src=twsrc%5Etfw\">@ColoColo<\/a>, somos m\u00e1s que nunca. <a href=\"http:\/\/t.co\/t2MZVPX23e\">pic.twitter.com\/t2MZVPX23e<\/a><\/p>\n<p>\u2014 Benjam\u00edn Vicu\u00f1a Luco (@benjavicunamori) <a href=\"https:\/\/twitter.com\/benjavicunamori\/status\/523838530901278720?ref_src=twsrc%5Etfw\">19 de octubre de 2014<\/a><\/p><\/blockquote>\n<p><script async src=\"https:\/\/platform.twitter.com\/widgets.js\" charset=\"utf-8\"><\/script><\/p>\n","protected":false},"excerpt":{"rendered":"<p>El actor chileno subi\u00f3 a su cuenta oficial de la red social la primera foto de su hijo con la modelo Carolina Pampita Ardohain. El actor chileno Benjam\u00edn Vicu\u00f1a comparti\u00f3 a trav\u00e9s de su cuenta de Twitter,\u00a0la foto de presentaci\u00f3n de Benicio. La tierna imagen familiar se ve a todos los hombres de la familia, [&hellip;]<\/p>\n","protected":false},"author":17,"featured_media":31028,"comment_status":"closed","ping_status":"closed","sticky":false,"template":"","format":"standard","meta":{"_seopress_robots_primary_cat":"","_seopress_titles_title":"","_seopress_titles_desc":"","_seopress_robots_index":"","footnotes":""},"categories":[4],"tags":[27363],"class_list":{"0":"post-31026","1":"post","2":"type-post","3":"status-publish","4":"format-standard","5":"has-post-thumbnail","7":"category-famosos","8":"tag-hijos-de-pampita-y-benjamin-vicuna"},"_links":{"self":[{"href":"https:\/\/www.cordobatimes.com\/showup\/wp-json\/wp\/v2\/posts\/31026","targetHints":{"allow":["GET"]}}],"collection":[{"href":"https:\/\/www.cordobatimes.com\/showup\/wp-json\/wp\/v2\/posts"}],"about":[{"href":"https:\/\/www.cordobatimes.com\/showup\/wp-json\/wp\/v2\/types\/post"}],"author":[{"embeddable":true,"href":"https:\/\/www.cordobatimes.com\/showup\/wp-json\/wp\/v2\/users\/17"}],"replies":[{"embeddable":true,"href":"https:\/\/www.cordobatimes.com\/showup\/wp-json\/wp\/v2\/comments?post=31026"}],"version-history":[{"count":0,"href":"https:\/\/www.cordobatimes.com\/showup\/wp-json\/wp\/v2\/posts\/31026\/revisions"}],"wp:featuredmedia":[{"embeddable":true,"href":"https:\/\/www.cordobatimes.com\/showup\/wp-json\/wp\/v2\/media\/31028"}],"wp:attachment":[{"href":"https:\/\/www.cordobatimes.com\/showup\/wp-json\/wp\/v2\/media?parent=31026"}],"wp:term":[{"taxonomy":"category","embeddable":true,"href":"https:\/\/www.cordobatimes.com\/showup\/wp-json\/wp\/v2\/categories?post=31026"},{"taxonomy":"post_tag","embeddable":true,"href":"https:\/\/www.cordobatimes.com\/showup\/wp-json\/wp\/v2\/tags?post=31026"}],"curies":[{"name":"wp","href":"https:\/\/api.w.org\/{rel}","templated":true}]}}