{"id":30637,"date":"2014-10-17T14:51:52","date_gmt":"2014-10-17T17:51:52","guid":{"rendered":"http:\/\/cordobatimes.com\/showup\/?p=30637"},"modified":"2020-01-31T18:29:06","modified_gmt":"2020-01-31T21:29:06","slug":"la-familia-de-gustavo-cerati-envio-un-comunicado-a-mas-de-un-mes-de-su-muerte","status":"publish","type":"post","link":"https:\/\/www.cordobatimes.com\/showup\/famosos\/2014\/10\/17\/la-familia-de-gustavo-cerati-envio-un-comunicado-a-mas-de-un-mes-de-su-muerte\/","title":{"rendered":"La familia de Gustavo Cerati envi\u00f3 un comunicado a m\u00e1s de un mes de su muerte"},"content":{"rendered":"<h3><strong>El ex Soda Stereo falleci\u00f3 el pasado 4 de septiembre, y hace unos d\u00edas en su perfil de Facebook oficial su familia public\u00f3 un mensaje de agradecimiento por las muestras de cari\u00f1o llegadas de todas partes del mundo.<\/strong><\/h3>\n<p>El texto, a continuaci\u00f3n.<\/p>\n<blockquote><p>A m\u00e1s de un mes de la partida f\u00edsica de Gustavo queremos agradecer todas las demostraciones de afecto y contenci\u00f3n que hemos recibido, y a\u00fan siguen lleg\u00e1ndonos de todas partes del planeta. Todos merecen un agradecimiento personalizado que en cuanto nos sea posible queremos hacer p\u00fablico.<\/p>\n<p>Resulta un b\u00e1lsamo ser depositarios del reconocimiento, tanto humano como profesional, que le prodigan seguidores, colegas y la inmensa mayor\u00eda de los comunicadores.<\/p>\n<p>Para regocijo de todos, queda su extensa obra, que es lo que sin lugar a dudas lo hace trascender y es lo que \u00e9l hizo para compartir con el mundo.<\/p>\n<p>Aprovechamos para hacerles saber que ni la familia Cerati ni el equipo de colaboradores de Gustavo estamos con \u00e1nimo para participar ni publicar una biograf\u00eda, ni un documental sobre su obra o de su vida privada, puesto que sentimos que no es \u00e9ste el momento de ocuparnos de eso cuando ha pasado muy poco tiempo del fallecimiento de nuestro querido Gustavo.<\/p>\n<p>Cualquier publicaci\u00f3n que se haga, no tiene nuestra aprobaci\u00f3n ni es oficial.<\/p>\n<p>Creemos que llegar\u00e1 el tiempo de compartir la historia de los hechos y la vida de Gustavo en forma seria y ajustada a la realidad hist\u00f3rica y profesional pudiendo contar para su escritura con quienes lo conocieron personal y profundamente. Lejos de cierto oportunismo de este momento.<\/p>\n<p>Como siempre, les recordamos que la \u00fanica fuente de informaci\u00f3n que elegimos para estar en contacto, es \u00e9sta.<\/p>\n<p>Nuevamente muchas gracias a todos.<\/p><\/blockquote>\n","protected":false},"excerpt":{"rendered":"<p>El ex Soda Stereo falleci\u00f3 el pasado 4 de septiembre, y hace unos d\u00edas en su perfil de Facebook oficial su familia public\u00f3 un mensaje de agradecimiento por las muestras de cari\u00f1o llegadas de todas partes del mundo. El texto, a continuaci\u00f3n. A m\u00e1s de un mes de la partida f\u00edsica de Gustavo queremos agradecer [&hellip;]<\/p>\n","protected":false},"author":9,"featured_media":30741,"comment_status":"closed","ping_status":"closed","sticky":false,"template":"","format":"standard","meta":{"_seopress_robots_primary_cat":"","_seopress_titles_title":"","_seopress_titles_desc":"","_seopress_robots_index":"","footnotes":""},"categories":[4],"tags":[9806,9808,18899],"class_list":{"0":"post-30637","1":"post","2":"type-post","3":"status-publish","4":"format-standard","5":"has-post-thumbnail","7":"category-famosos","8":"tag-biografia-de-gustavo-cerati","9":"tag-comunicado-oficial-de-la-familia-cerati","10":"tag-muerte-de-gustavo-cerati"},"_links":{"self":[{"href":"https:\/\/www.cordobatimes.com\/showup\/wp-json\/wp\/v2\/posts\/30637","targetHints":{"allow":["GET"]}}],"collection":[{"href":"https:\/\/www.cordobatimes.com\/showup\/wp-json\/wp\/v2\/posts"}],"about":[{"href":"https:\/\/www.cordobatimes.com\/showup\/wp-json\/wp\/v2\/types\/post"}],"author":[{"embeddable":true,"href":"https:\/\/www.cordobatimes.com\/showup\/wp-json\/wp\/v2\/users\/9"}],"replies":[{"embeddable":true,"href":"https:\/\/www.cordobatimes.com\/showup\/wp-json\/wp\/v2\/comments?post=30637"}],"version-history":[{"count":0,"href":"https:\/\/www.cordobatimes.com\/showup\/wp-json\/wp\/v2\/posts\/30637\/revisions"}],"wp:featuredmedia":[{"embeddable":true,"href":"https:\/\/www.cordobatimes.com\/showup\/wp-json\/wp\/v2\/media\/30741"}],"wp:attachment":[{"href":"https:\/\/www.cordobatimes.com\/showup\/wp-json\/wp\/v2\/media?parent=30637"}],"wp:term":[{"taxonomy":"category","embeddable":true,"href":"https:\/\/www.cordobatimes.com\/showup\/wp-json\/wp\/v2\/categories?post=30637"},{"taxonomy":"post_tag","embeddable":true,"href":"https:\/\/www.cordobatimes.com\/showup\/wp-json\/wp\/v2\/tags?post=30637"}],"curies":[{"name":"wp","href":"https:\/\/api.w.org\/{rel}","templated":true}]}}