{"id":30632,"date":"2014-10-16T14:30:23","date_gmt":"2014-10-16T17:30:23","guid":{"rendered":"http:\/\/cordobatimes.com\/showup\/?p=30632"},"modified":"2020-01-31T19:03:28","modified_gmt":"2020-01-31T22:03:28","slug":"rapido-y-furioso-7-adelanta-su-fecha-de-estreno","status":"publish","type":"post","link":"https:\/\/www.cordobatimes.com\/showup\/cine-y-series\/2014\/10\/16\/rapido-y-furioso-7-adelanta-su-fecha-de-estreno\/","title":{"rendered":"\u00abR\u00e1pido y Furioso 7\u00bb adelanta su fecha de estreno"},"content":{"rendered":"<h3 style=\"text-align: justify;\"><strong>La \u00faltima parte de la reconocida saga se estrenar\u00e1 el 3 de abril del 2015, una semana antes de la fecha que se hab\u00eda anunciado a finales del 2013, tras la muerte de Paul Walker, uno de sus protagonistas.<\/strong><\/h3>\n<p style=\"text-align: justify;\">El portal de la revista \u00abForbes\u00bb confirm\u00f3 \u00a0el cambio anunciado por Universal Pictures sobre la pel\u00edcula protagonizada por Vin Diesel.<\/p>\n<p style=\"text-align: justify;\">El reconocido medio afirm\u00f3 \u00a0la modificaci\u00f3n de la fecha de estreno de \u00abInsidious 3\u00bb, que prefiri\u00f3 salir en mayo y ya no en abril, como estaba previsto.<\/p>\n<p style=\"text-align: justify;\">\u00abR\u00e1pidos y furiosos 7\u00bb se encuentra actualmente rodando sus \u00faltimas escenas.<\/p>\n<p style=\"text-align: justify;\">Algunos nuevos nombres se han ido sumando al c\u00e1sting, como es el caso del cantante Romeo Santos y Ronda Rousey, figura de las artes marciales que ha iniciado su carrera cinematogr\u00e1fica.<\/p>\n","protected":false},"excerpt":{"rendered":"<p>La \u00faltima parte de la reconocida saga se estrenar\u00e1 el 3 de abril del 2015, una semana antes de la fecha que se hab\u00eda anunciado a finales del 2013, tras la muerte de Paul Walker, uno de sus protagonistas. El portal de la revista \u00abForbes\u00bb confirm\u00f3 \u00a0el cambio anunciado por Universal Pictures sobre la pel\u00edcula [&hellip;]<\/p>\n","protected":false},"author":9,"featured_media":30652,"comment_status":"closed","ping_status":"closed","sticky":false,"template":"","format":"standard","meta":{"_seopress_robots_primary_cat":"","_seopress_titles_title":"","_seopress_titles_desc":"","_seopress_robots_index":"","footnotes":""},"categories":[3],"tags":[29139],"class_list":{"0":"post-30632","1":"post","2":"type-post","3":"status-publish","4":"format-standard","5":"has-post-thumbnail","7":"category-cine-y-series","8":"tag-fecha-de-estreno-de-rapido-y-furioso-7"},"_links":{"self":[{"href":"https:\/\/www.cordobatimes.com\/showup\/wp-json\/wp\/v2\/posts\/30632","targetHints":{"allow":["GET"]}}],"collection":[{"href":"https:\/\/www.cordobatimes.com\/showup\/wp-json\/wp\/v2\/posts"}],"about":[{"href":"https:\/\/www.cordobatimes.com\/showup\/wp-json\/wp\/v2\/types\/post"}],"author":[{"embeddable":true,"href":"https:\/\/www.cordobatimes.com\/showup\/wp-json\/wp\/v2\/users\/9"}],"replies":[{"embeddable":true,"href":"https:\/\/www.cordobatimes.com\/showup\/wp-json\/wp\/v2\/comments?post=30632"}],"version-history":[{"count":0,"href":"https:\/\/www.cordobatimes.com\/showup\/wp-json\/wp\/v2\/posts\/30632\/revisions"}],"wp:featuredmedia":[{"embeddable":true,"href":"https:\/\/www.cordobatimes.com\/showup\/wp-json\/wp\/v2\/media\/30652"}],"wp:attachment":[{"href":"https:\/\/www.cordobatimes.com\/showup\/wp-json\/wp\/v2\/media?parent=30632"}],"wp:term":[{"taxonomy":"category","embeddable":true,"href":"https:\/\/www.cordobatimes.com\/showup\/wp-json\/wp\/v2\/categories?post=30632"},{"taxonomy":"post_tag","embeddable":true,"href":"https:\/\/www.cordobatimes.com\/showup\/wp-json\/wp\/v2\/tags?post=30632"}],"curies":[{"name":"wp","href":"https:\/\/api.w.org\/{rel}","templated":true}]}}