{"id":30596,"date":"2014-10-15T15:49:24","date_gmt":"2014-10-15T18:49:24","guid":{"rendered":"http:\/\/cordobatimes.com\/showup\/?p=30596"},"modified":"2020-01-31T19:12:51","modified_gmt":"2020-01-31T22:12:51","slug":"llega-el-final-de-somos-familia","status":"publish","type":"post","link":"https:\/\/www.cordobatimes.com\/showup\/tv\/2014\/10\/15\/llega-el-final-de-somos-familia\/","title":{"rendered":"Llega el final de \u00abSomos familia\u00bb"},"content":{"rendered":"<h3 style=\"text-align: justify;\"><strong>En el cap\u00edtulo de este mi\u00e9rcoles, Pilar (Eva de Dominici), luego de hablar con sus hermanos, siente la tentaci\u00f3n de llamar a Manuela (Ana Mar\u00eda Orozco). <\/strong><\/h3>\n<p style=\"text-align: justify;\">Manuela atiende el tel\u00e9fono, sorprendida, y aguarda a escuchar lo que Pilar tiene para decir.<\/p>\n<p style=\"text-align: justify;\">Entre tanto, Joaqu\u00edn (Gustavo Berm\u00fadez) recibe la noticia de que han denunciado a escuder\u00edas que\u00a0Navarro quiere comprar una carrera de motos.<\/p>\n<p style=\"text-align: justify;\">Despu\u00e9s de esto, la empresa ha sido sancionada y no podr\u00e1 correr en la pr\u00f3xima competencia.<\/p>\n<p style=\"text-align: justify;\">\u00bfComo finalizar\u00e1 esta atrapante historia?<\/p>\n","protected":false},"excerpt":{"rendered":"<p>En el cap\u00edtulo de este mi\u00e9rcoles, Pilar (Eva de Dominici), luego de hablar con sus hermanos, siente la tentaci\u00f3n de llamar a Manuela (Ana Mar\u00eda Orozco). Manuela atiende el tel\u00e9fono, sorprendida, y aguarda a escuchar lo que Pilar tiene para decir. Entre tanto, Joaqu\u00edn (Gustavo Berm\u00fadez) recibe la noticia de que han denunciado a escuder\u00edas [&hellip;]<\/p>\n","protected":false},"author":9,"featured_media":30597,"comment_status":"closed","ping_status":"closed","sticky":false,"template":"","format":"standard","meta":{"_seopress_robots_primary_cat":"","_seopress_titles_title":"","_seopress_titles_desc":"","_seopress_robots_index":"","footnotes":""},"categories":[2],"tags":[9771],"class_list":{"0":"post-30596","1":"post","2":"type-post","3":"status-publish","4":"format-standard","5":"has-post-thumbnail","7":"category-tv","8":"tag-final-de-somos-familia"},"_links":{"self":[{"href":"https:\/\/www.cordobatimes.com\/showup\/wp-json\/wp\/v2\/posts\/30596","targetHints":{"allow":["GET"]}}],"collection":[{"href":"https:\/\/www.cordobatimes.com\/showup\/wp-json\/wp\/v2\/posts"}],"about":[{"href":"https:\/\/www.cordobatimes.com\/showup\/wp-json\/wp\/v2\/types\/post"}],"author":[{"embeddable":true,"href":"https:\/\/www.cordobatimes.com\/showup\/wp-json\/wp\/v2\/users\/9"}],"replies":[{"embeddable":true,"href":"https:\/\/www.cordobatimes.com\/showup\/wp-json\/wp\/v2\/comments?post=30596"}],"version-history":[{"count":0,"href":"https:\/\/www.cordobatimes.com\/showup\/wp-json\/wp\/v2\/posts\/30596\/revisions"}],"wp:featuredmedia":[{"embeddable":true,"href":"https:\/\/www.cordobatimes.com\/showup\/wp-json\/wp\/v2\/media\/30597"}],"wp:attachment":[{"href":"https:\/\/www.cordobatimes.com\/showup\/wp-json\/wp\/v2\/media?parent=30596"}],"wp:term":[{"taxonomy":"category","embeddable":true,"href":"https:\/\/www.cordobatimes.com\/showup\/wp-json\/wp\/v2\/categories?post=30596"},{"taxonomy":"post_tag","embeddable":true,"href":"https:\/\/www.cordobatimes.com\/showup\/wp-json\/wp\/v2\/tags?post=30596"}],"curies":[{"name":"wp","href":"https:\/\/api.w.org\/{rel}","templated":true}]}}