{"id":30430,"date":"2014-10-14T13:54:00","date_gmt":"2014-10-14T16:54:00","guid":{"rendered":"http:\/\/cordobatimes.com\/showup\/?p=30430"},"modified":"2020-01-31T19:46:46","modified_gmt":"2020-01-31T22:46:46","slug":"reconocido-humorista-vuelve-a-ser-jurado","status":"publish","type":"post","link":"https:\/\/www.cordobatimes.com\/showup\/tv\/2014\/10\/14\/reconocido-humorista-vuelve-a-ser-jurado\/","title":{"rendered":"Reconocido humorista vuelve a ser jurado"},"content":{"rendered":"<h3 style=\"text-align: justify;\"><strong>Despu\u00e9s de haber sido muy criticado en el Bailando, Antonio Gasalla ocupar\u00e1 nuevamente el rol de juez en un certamen.<\/strong><\/h3>\n<p style=\"text-align: justify;\">El pr\u00f3ximo domingo, regresa a la pantalla chica como jurado invitado en \u00abTu cara me suena\u00bb. Mientras ultima detalles para el debut de su nueva obra en enero de 2015, reaparecer\u00e1 en Telefe para evaluar las imitaciones de los participantes.<\/p>\n<p style=\"text-align: justify;\">Recordemos que, en su momento, admiti\u00f3 que no se termin\u00f3 de sentir del todo c\u00f3modo como jurado de Showmatch, pese a que hab\u00eda llegado a disfrutar su paso por Ideas del Sur. Ahora, repite la experiencia pero en un formato diferente.<\/p>\n<p style=\"text-align: justify;\">A vos, \u00bfte gusta que vuelva a la televisi\u00f3n?<\/p>\n<h3 style=\"text-align: justify;\"><a href=\"http:\/\/cordobatimes.com\/showup\/wp-content\/uploads\/2014\/10\/gasalla.jpg\"><img loading=\"lazy\" decoding=\"async\" class=\"alignnone size-full wp-image-30432\" src=\"http:\/\/cordobatimes.com\/showup\/wp-content\/uploads\/2014\/10\/gasalla.jpg\" alt=\"gasalla\" width=\"1366\" height=\"763\" data-id=\"30432\" srcset=\"https:\/\/www.cordobatimes.com\/showup\/wp-content\/uploads\/2014\/10\/gasalla.jpg 1366w, https:\/\/www.cordobatimes.com\/showup\/wp-content\/uploads\/2014\/10\/gasalla-300x167.jpg 300w, https:\/\/www.cordobatimes.com\/showup\/wp-content\/uploads\/2014\/10\/gasalla-1024x571.jpg 1024w, https:\/\/www.cordobatimes.com\/showup\/wp-content\/uploads\/2014\/10\/gasalla-600x335.jpg 600w\" sizes=\"auto, (max-width: 1366px) 100vw, 1366px\" \/><\/a><\/h3>\n","protected":false},"excerpt":{"rendered":"<p>Despu\u00e9s de haber sido muy criticado en el Bailando, Antonio Gasalla ocupar\u00e1 nuevamente el rol de juez en un certamen. El pr\u00f3ximo domingo, regresa a la pantalla chica como jurado invitado en \u00abTu cara me suena\u00bb. Mientras ultima detalles para el debut de su nueva obra en enero de 2015, reaparecer\u00e1 en Telefe para evaluar [&hellip;]<\/p>\n","protected":false},"author":9,"featured_media":30433,"comment_status":"closed","ping_status":"closed","sticky":false,"template":"","format":"standard","meta":{"_seopress_robots_primary_cat":"","_seopress_titles_title":"","_seopress_titles_desc":"","_seopress_robots_index":"","footnotes":""},"categories":[2],"tags":[29148],"class_list":{"0":"post-30430","1":"post","2":"type-post","3":"status-publish","4":"format-standard","5":"has-post-thumbnail","7":"category-tv","8":"tag-antonio-gasalla-jurado-del-bailando-2014"},"_links":{"self":[{"href":"https:\/\/www.cordobatimes.com\/showup\/wp-json\/wp\/v2\/posts\/30430","targetHints":{"allow":["GET"]}}],"collection":[{"href":"https:\/\/www.cordobatimes.com\/showup\/wp-json\/wp\/v2\/posts"}],"about":[{"href":"https:\/\/www.cordobatimes.com\/showup\/wp-json\/wp\/v2\/types\/post"}],"author":[{"embeddable":true,"href":"https:\/\/www.cordobatimes.com\/showup\/wp-json\/wp\/v2\/users\/9"}],"replies":[{"embeddable":true,"href":"https:\/\/www.cordobatimes.com\/showup\/wp-json\/wp\/v2\/comments?post=30430"}],"version-history":[{"count":0,"href":"https:\/\/www.cordobatimes.com\/showup\/wp-json\/wp\/v2\/posts\/30430\/revisions"}],"wp:featuredmedia":[{"embeddable":true,"href":"https:\/\/www.cordobatimes.com\/showup\/wp-json\/wp\/v2\/media\/30433"}],"wp:attachment":[{"href":"https:\/\/www.cordobatimes.com\/showup\/wp-json\/wp\/v2\/media?parent=30430"}],"wp:term":[{"taxonomy":"category","embeddable":true,"href":"https:\/\/www.cordobatimes.com\/showup\/wp-json\/wp\/v2\/categories?post=30430"},{"taxonomy":"post_tag","embeddable":true,"href":"https:\/\/www.cordobatimes.com\/showup\/wp-json\/wp\/v2\/tags?post=30430"}],"curies":[{"name":"wp","href":"https:\/\/api.w.org\/{rel}","templated":true}]}}