{"id":30389,"date":"2014-10-13T15:26:53","date_gmt":"2014-10-13T18:26:53","guid":{"rendered":"http:\/\/cordobatimes.com\/showup\/?p=30389"},"modified":"2020-01-31T20:26:47","modified_gmt":"2020-01-31T23:26:47","slug":"se-accidento-juan-alberto-mateyko","status":"publish","type":"post","link":"https:\/\/www.cordobatimes.com\/showup\/famosos\/2014\/10\/13\/se-accidento-juan-alberto-mateyko\/","title":{"rendered":"Se accident\u00f3 Juan Alberto Mateyko"},"content":{"rendered":"<h3 style=\"text-align: justify;\"><strong>Ayer domingo, el conductor, \u00a0protagoniz\u00f3 un accidente automovil\u00edstico en la ruta une Mina Clavero con Falda del Carmen en las Altas Cumbres, despu\u00e9s de chocar de frente contra otro auto.\u00a0<\/strong><\/h3>\n<p style=\"text-align: justify;\">\u201cVen\u00edamos con el chofer tranquilamente por el camino a Falda del Carmen, en la ruta E-96, cuando de repente aparece un auto de frente\u201c, relat\u00f3 el conductor a VOS.<\/p>\n<p style=\"text-align: justify;\">Y agreg\u00f3: \u201cSi no fren\u00e1bamos nosotros, nos ca\u00edamos. Nosotros \u00edbamos despacito, y \u00e9l vino como si fuera un auto chocador\u201d.<\/p>\n<p style=\"text-align: justify;\">Adem\u00e1s, el conductor de La movida de la tarde que se emite por Radio Mitre C\u00f3rdoba, explic\u00f3 que el otro auto no ten\u00eda los frenos en condiciones. \u201cNos pidi\u00f3 que no hagamos la denuncia. Que no ten\u00eda seguir. Me sorprende que no hayan ido a hacer la alcoholemia. \u00c9l quer\u00eda irse r\u00e1pido\u201d, dijo.<\/p>\n<p style=\"text-align: justify;\">Finalizando, plante\u00f3: \u201cSi hay tanta seguridad, tanta prevenci\u00f3n\u2026 c\u00f3mo ese tipo, que no tiene noci\u00f3n de lo que es conducir, sin frenos, en una curva, a mucha velocidad, puede estar en la ruta\u201d.<\/p>\n","protected":false},"excerpt":{"rendered":"<p>Ayer domingo, el conductor, \u00a0protagoniz\u00f3 un accidente automovil\u00edstico en la ruta une Mina Clavero con Falda del Carmen en las Altas Cumbres, despu\u00e9s de chocar de frente contra otro auto.\u00a0 \u201cVen\u00edamos con el chofer tranquilamente por el camino a Falda del Carmen, en la ruta E-96, cuando de repente aparece un auto de frente\u201c, relat\u00f3 [&hellip;]<\/p>\n","protected":false},"author":9,"featured_media":30391,"comment_status":"closed","ping_status":"closed","sticky":false,"template":"","format":"standard","meta":{"_seopress_robots_primary_cat":"","_seopress_titles_title":"","_seopress_titles_desc":"","_seopress_robots_index":"","footnotes":""},"categories":[4],"tags":[29152],"class_list":{"0":"post-30389","1":"post","2":"type-post","3":"status-publish","4":"format-standard","5":"has-post-thumbnail","7":"category-famosos","8":"tag-accidente-de-juan-alberto-mateyko"},"_links":{"self":[{"href":"https:\/\/www.cordobatimes.com\/showup\/wp-json\/wp\/v2\/posts\/30389","targetHints":{"allow":["GET"]}}],"collection":[{"href":"https:\/\/www.cordobatimes.com\/showup\/wp-json\/wp\/v2\/posts"}],"about":[{"href":"https:\/\/www.cordobatimes.com\/showup\/wp-json\/wp\/v2\/types\/post"}],"author":[{"embeddable":true,"href":"https:\/\/www.cordobatimes.com\/showup\/wp-json\/wp\/v2\/users\/9"}],"replies":[{"embeddable":true,"href":"https:\/\/www.cordobatimes.com\/showup\/wp-json\/wp\/v2\/comments?post=30389"}],"version-history":[{"count":0,"href":"https:\/\/www.cordobatimes.com\/showup\/wp-json\/wp\/v2\/posts\/30389\/revisions"}],"wp:featuredmedia":[{"embeddable":true,"href":"https:\/\/www.cordobatimes.com\/showup\/wp-json\/wp\/v2\/media\/30391"}],"wp:attachment":[{"href":"https:\/\/www.cordobatimes.com\/showup\/wp-json\/wp\/v2\/media?parent=30389"}],"wp:term":[{"taxonomy":"category","embeddable":true,"href":"https:\/\/www.cordobatimes.com\/showup\/wp-json\/wp\/v2\/categories?post=30389"},{"taxonomy":"post_tag","embeddable":true,"href":"https:\/\/www.cordobatimes.com\/showup\/wp-json\/wp\/v2\/tags?post=30389"}],"curies":[{"name":"wp","href":"https:\/\/api.w.org\/{rel}","templated":true}]}}