{"id":30379,"date":"2014-10-12T21:16:24","date_gmt":"2014-10-13T00:16:24","guid":{"rendered":"http:\/\/cordobatimes.com\/showup\/?p=30379"},"modified":"2020-01-31T20:31:15","modified_gmt":"2020-01-31T23:31:15","slug":"nacio-benicio-el-hijo-de-pampita-y-benjamin-vicuna","status":"publish","type":"post","link":"https:\/\/www.cordobatimes.com\/showup\/famosos\/2014\/10\/12\/nacio-benicio-el-hijo-de-pampita-y-benjamin-vicuna\/","title":{"rendered":"Nacio Benicio, el hijo de Pampita y Benjam\u00edn Vicu\u00f1a"},"content":{"rendered":"<h3 style=\"text-align: justify;\"><strong>La modelo y el actor chileno se convirtieron en padres nuevamente. La noticia la dio el gal\u00e1n en las redes sociales.<\/strong><\/h3>\n<p style=\"text-align: justify;\">\u00abDescubriendo Am\u00e9rica entre mares de l\u00e1grimas dulces. Descubriendo la vida. Bienvenido, Don Benicio\u00bb, escribi\u00f3 Vicu\u00f1a en su cuenta personal de Twitter. Como era de esperarse, los comentarios llenos de felicitaciones de sus seguidores no se hicieron esperar.<\/p>\n<p style=\"text-align: justify;\">La alegr\u00eda comenz\u00f3 este s\u00e1bado por la noche, cuando Carolina ingres\u00f3 a la cl\u00ednica con trabajo de parto. All\u00ed, Benjam\u00edn tuite\u00f3 \u00abCreo en Dios\u00bb. Sin embargo, el peque\u00f1o lleg\u00f3 esta ma\u00f1ana.<\/p>\n<p style=\"text-align: justify;\">El beb\u00e9, que naci\u00f3 en la Cl\u00ednica Las Condes, es el tercer var\u00f3n de la familia despu\u00e9s de Bautista y Beltr\u00e1n.<\/p>\n","protected":false},"excerpt":{"rendered":"<p>La modelo y el actor chileno se convirtieron en padres nuevamente. La noticia la dio el gal\u00e1n en las redes sociales. \u00abDescubriendo Am\u00e9rica entre mares de l\u00e1grimas dulces. Descubriendo la vida. Bienvenido, Don Benicio\u00bb, escribi\u00f3 Vicu\u00f1a en su cuenta personal de Twitter. Como era de esperarse, los comentarios llenos de felicitaciones de sus seguidores no [&hellip;]<\/p>\n","protected":false},"author":9,"featured_media":30380,"comment_status":"closed","ping_status":"closed","sticky":false,"template":"","format":"standard","meta":{"_seopress_robots_primary_cat":"","_seopress_titles_title":"","_seopress_titles_desc":"","_seopress_robots_index":"","footnotes":""},"categories":[4],"tags":[27363,25507],"class_list":{"0":"post-30379","1":"post","2":"type-post","3":"status-publish","4":"format-standard","5":"has-post-thumbnail","7":"category-famosos","8":"tag-hijos-de-pampita-y-benjamin-vicuna","9":"tag-pampita-y-benjamin-vicuna"},"_links":{"self":[{"href":"https:\/\/www.cordobatimes.com\/showup\/wp-json\/wp\/v2\/posts\/30379","targetHints":{"allow":["GET"]}}],"collection":[{"href":"https:\/\/www.cordobatimes.com\/showup\/wp-json\/wp\/v2\/posts"}],"about":[{"href":"https:\/\/www.cordobatimes.com\/showup\/wp-json\/wp\/v2\/types\/post"}],"author":[{"embeddable":true,"href":"https:\/\/www.cordobatimes.com\/showup\/wp-json\/wp\/v2\/users\/9"}],"replies":[{"embeddable":true,"href":"https:\/\/www.cordobatimes.com\/showup\/wp-json\/wp\/v2\/comments?post=30379"}],"version-history":[{"count":0,"href":"https:\/\/www.cordobatimes.com\/showup\/wp-json\/wp\/v2\/posts\/30379\/revisions"}],"wp:featuredmedia":[{"embeddable":true,"href":"https:\/\/www.cordobatimes.com\/showup\/wp-json\/wp\/v2\/media\/30380"}],"wp:attachment":[{"href":"https:\/\/www.cordobatimes.com\/showup\/wp-json\/wp\/v2\/media?parent=30379"}],"wp:term":[{"taxonomy":"category","embeddable":true,"href":"https:\/\/www.cordobatimes.com\/showup\/wp-json\/wp\/v2\/categories?post=30379"},{"taxonomy":"post_tag","embeddable":true,"href":"https:\/\/www.cordobatimes.com\/showup\/wp-json\/wp\/v2\/tags?post=30379"}],"curies":[{"name":"wp","href":"https:\/\/api.w.org\/{rel}","templated":true}]}}