{"id":30374,"date":"2014-10-12T12:37:46","date_gmt":"2014-10-12T15:37:46","guid":{"rendered":"http:\/\/cordobatimes.com\/showup\/?p=30374"},"modified":"2020-01-31T20:32:40","modified_gmt":"2020-01-31T23:32:40","slug":"comenzo-la-sucesion-de-gustavo-cerati","status":"publish","type":"post","link":"https:\/\/www.cordobatimes.com\/showup\/famosos\/2014\/10\/12\/comenzo-la-sucesion-de-gustavo-cerati\/","title":{"rendered":"Comenz\u00f3 la sucesi\u00f3n de Gustavo Cerati"},"content":{"rendered":"<h3 style=\"text-align: justify;\"><strong>A m\u00e1s de un mes de su muerte, el expediente comenz\u00f3 su camino judicial. <\/strong><\/h3>\n<p style=\"text-align: justify;\">El tr\u00e1mite tiene intervenci\u00f3n en el Juzgado N\u00b0 47 y est\u00e1 a cargo del juez Horacio Maderna Echegaray. Tal como reza la foja seis del expediente, a la que el Diario Perfil tuvo acceso, existe una clara intenci\u00f3n de que el tramite judicial se lleve a cabo bajo absoluta reserva.<\/p>\n<p style=\"text-align: justify;\">Desde su muerte, el pasado 4 de septiembre, hay varios trascendidos en torno a qu\u00e9 pasar\u00e1 con su fortuna. Seg\u00fan lo que est\u00e1 establecido en la ley, los \u00fanicos dos herederos forzosos son sus hijos, Benito, de 20 a\u00f1os, y Lisa, de 18. Ellos dos son el fruto de la relaci\u00f3n que Cerati tuvo con Cecilia Amen\u00e1bar, con quien se cas\u00f3 y estuvieron juntos diez a\u00f1os. \u201cAl estar ellos legalmente divorciados, ya no hay bienes gananciales, ni ella tiene vocaci\u00f3n hereditaria. No le corresponde nada\u201c, dice a Diario Perfil Osvaldo Ortemberg, abogado especialista en derecho de familia.<\/p>\n<p style=\"text-align: justify;\">Circula una versi\u00f3n que corre muy fuerte por estos d\u00edas: Gustavo Cerati habr\u00eda dejado un testamento, en donde puede haber dejado expresado su deseo de que su dinero \u2013o probablemente parte de \u00e9l\u2013est\u00e9 destinado a otra persona que no sean sus hijos. \u201cSi este mandato existiera, por ley, s\u00f3lo podr\u00e1 ser dado un 20% de su fortuna. El resto va s\u00ed o s\u00ed a sus hijos\u201d, explica a Diario Perfil Ortemberg. Seg\u00fan trascendidos, durante el proceso judicial, las partes estar\u00e1n a la espera de que aparezca alguien que tenga la intenci\u00f3n de reclamar algo, como por ejemplo, en el caso de que existieran otros hijos o familiares del m\u00fasico.<\/p>\n<p style=\"text-align: justify;\">La revista Noticias inform\u00f3 que Cerati gan\u00f3 por derechos de autor en 2010 (el a\u00f1o de su ACV) 1,8 millones de pesos. Durante los cuatro a\u00f1os que estuvo en coma, sus ganancias fueron en aumento: 1,2 millones de pesos cobr\u00f3 por su liquidaci\u00f3n de Sadaic s\u00f3lo en el primer trimestre de este a\u00f1o y 1,7 millones de pesos es el valor de mercado de los equipos de grabaci\u00f3n de su estudio, Un\u00edsono.<\/p>\n<p style=\"text-align: justify;\"><a href=\"http:\/\/cordobatimes.com\/showup\/wp-content\/uploads\/2014\/10\/sucesion.jpg\"><img loading=\"lazy\" decoding=\"async\" class=\"alignnone size-full wp-image-30375\" src=\"http:\/\/cordobatimes.com\/showup\/wp-content\/uploads\/2014\/10\/sucesion.jpg\" alt=\"sucesion\" width=\"630\" height=\"432\" data-id=\"30375\" srcset=\"https:\/\/www.cordobatimes.com\/showup\/wp-content\/uploads\/2014\/10\/sucesion.jpg 630w, https:\/\/www.cordobatimes.com\/showup\/wp-content\/uploads\/2014\/10\/sucesion-300x205.jpg 300w, https:\/\/www.cordobatimes.com\/showup\/wp-content\/uploads\/2014\/10\/sucesion-600x411.jpg 600w\" sizes=\"auto, (max-width: 630px) 100vw, 630px\" \/><\/a><\/p>\n<p style=\"text-align: justify;\">Fuente: Diario Perfil.<\/p>\n","protected":false},"excerpt":{"rendered":"<p>A m\u00e1s de un mes de su muerte, el expediente comenz\u00f3 su camino judicial. El tr\u00e1mite tiene intervenci\u00f3n en el Juzgado N\u00b0 47 y est\u00e1 a cargo del juez Horacio Maderna Echegaray. Tal como reza la foja seis del expediente, a la que el Diario Perfil tuvo acceso, existe una clara intenci\u00f3n de que el [&hellip;]<\/p>\n","protected":false},"author":9,"featured_media":30376,"comment_status":"closed","ping_status":"closed","sticky":false,"template":"","format":"standard","meta":{"_seopress_robots_primary_cat":"","_seopress_titles_title":"","_seopress_titles_desc":"","_seopress_robots_index":"","footnotes":""},"categories":[4],"tags":[9214,18899],"class_list":{"0":"post-30374","1":"post","2":"type-post","3":"status-publish","4":"format-standard","5":"has-post-thumbnail","7":"category-famosos","8":"tag-herencia-de-gustavo-cerati","9":"tag-muerte-de-gustavo-cerati"},"_links":{"self":[{"href":"https:\/\/www.cordobatimes.com\/showup\/wp-json\/wp\/v2\/posts\/30374","targetHints":{"allow":["GET"]}}],"collection":[{"href":"https:\/\/www.cordobatimes.com\/showup\/wp-json\/wp\/v2\/posts"}],"about":[{"href":"https:\/\/www.cordobatimes.com\/showup\/wp-json\/wp\/v2\/types\/post"}],"author":[{"embeddable":true,"href":"https:\/\/www.cordobatimes.com\/showup\/wp-json\/wp\/v2\/users\/9"}],"replies":[{"embeddable":true,"href":"https:\/\/www.cordobatimes.com\/showup\/wp-json\/wp\/v2\/comments?post=30374"}],"version-history":[{"count":0,"href":"https:\/\/www.cordobatimes.com\/showup\/wp-json\/wp\/v2\/posts\/30374\/revisions"}],"wp:featuredmedia":[{"embeddable":true,"href":"https:\/\/www.cordobatimes.com\/showup\/wp-json\/wp\/v2\/media\/30376"}],"wp:attachment":[{"href":"https:\/\/www.cordobatimes.com\/showup\/wp-json\/wp\/v2\/media?parent=30374"}],"wp:term":[{"taxonomy":"category","embeddable":true,"href":"https:\/\/www.cordobatimes.com\/showup\/wp-json\/wp\/v2\/categories?post=30374"},{"taxonomy":"post_tag","embeddable":true,"href":"https:\/\/www.cordobatimes.com\/showup\/wp-json\/wp\/v2\/tags?post=30374"}],"curies":[{"name":"wp","href":"https:\/\/api.w.org\/{rel}","templated":true}]}}