{"id":30189,"date":"2014-10-09T18:32:23","date_gmt":"2014-10-09T21:32:23","guid":{"rendered":"http:\/\/cordobatimes.com\/showup\/?p=30189"},"modified":"2020-02-01T09:28:51","modified_gmt":"2020-02-01T12:28:51","slug":"otro-famoso-se-sumo-a-la-tendencia-de-usar-tanga-ahora-nick-carter-fotos","status":"publish","type":"post","link":"https:\/\/www.cordobatimes.com\/showup\/famosos\/2014\/10\/09\/otro-famoso-se-sumo-a-la-tendencia-de-usar-tanga-ahora-nick-carter-fotos\/","title":{"rendered":"Otro famoso se sum\u00f3 a la tendencia de usar tanga: ahora Nick Carter (Fotos)"},"content":{"rendered":"<h3 style=\"text-align: justify;\"><strong>Uno de los integrantes de la banda furor de los \u00b490 \u00a0reapareci\u00f3 despu\u00e9s de mucho tiempo con una inusual vestimenta. <\/strong><\/h3>\n<p style=\"text-align: justify;\">A sus 34 a\u00f1os, el rubio que hace unos a\u00f1os ha decidido darle otro rumbo a su vida, se quit\u00f3 la ropa y qued\u00f3 con apenas una tanga azul durante un episodio de su reality \u00abI Heart Nick Carter\u00bb, de VH1.<\/p>\n<p style=\"text-align: justify;\">\u00bfEl motivo? Todo sucedi\u00f3 cuando Carter fue a un centro m\u00e9dico para realizarse un tratamiento l\u00e1ser para quitar la grasa. Poco despu\u00e9s sali\u00f3 presumiendo sus atributos, que hace veinte a\u00f1os las fans se habr\u00edan vuelto locas.<\/p>\n<p style=\"text-align: justify;\">Despu\u00e9s de que el episodio saliera al aire, la esposa de Nick Carter, Lauren, dijo para la revista OK!: \u201cCreo que ni yo tengo una tanga tan peque\u00f1a\u201d.<\/p>\n<p style=\"text-align: justify;\"><a href=\"http:\/\/cordobatimes.com\/showup\/wp-content\/uploads\/2014\/10\/nick-11.jpg\"><img loading=\"lazy\" decoding=\"async\" class=\"alignnone wp-image-30194\" src=\"http:\/\/cordobatimes.com\/showup\/wp-content\/uploads\/2014\/10\/nick-11.jpg\" alt=\"nick 1\" width=\"600\" height=\"395\" data-id=\"30194\" \/><\/a><\/p>\n<p style=\"text-align: justify;\"><a href=\"http:\/\/cordobatimes.com\/showup\/wp-content\/uploads\/2014\/10\/nick-2.jpg\"><img loading=\"lazy\" decoding=\"async\" class=\"alignnone wp-image-30195\" src=\"http:\/\/cordobatimes.com\/showup\/wp-content\/uploads\/2014\/10\/nick-2.jpg\" alt=\"nick 2\" width=\"600\" height=\"340\" data-id=\"30195\" \/><\/a><\/p>\n<p style=\"text-align: justify;\">\n","protected":false},"excerpt":{"rendered":"<p>Uno de los integrantes de la banda furor de los \u00b490 \u00a0reapareci\u00f3 despu\u00e9s de mucho tiempo con una inusual vestimenta. A sus 34 a\u00f1os, el rubio que hace unos a\u00f1os ha decidido darle otro rumbo a su vida, se quit\u00f3 la ropa y qued\u00f3 con apenas una tanga azul durante un episodio de su reality [&hellip;]<\/p>\n","protected":false},"author":9,"featured_media":30192,"comment_status":"closed","ping_status":"closed","sticky":false,"template":"","format":"standard","meta":{"_seopress_robots_primary_cat":"","_seopress_titles_title":"","_seopress_titles_desc":"","_seopress_robots_index":"","footnotes":""},"categories":[4],"tags":[29167,29168],"class_list":{"0":"post-30189","1":"post","2":"type-post","3":"status-publish","4":"format-standard","5":"has-post-thumbnail","7":"category-famosos","8":"tag-nick-carter-en-tanga","9":"tag-nick-carter-reality-i-heart-nick-carter"},"_links":{"self":[{"href":"https:\/\/www.cordobatimes.com\/showup\/wp-json\/wp\/v2\/posts\/30189","targetHints":{"allow":["GET"]}}],"collection":[{"href":"https:\/\/www.cordobatimes.com\/showup\/wp-json\/wp\/v2\/posts"}],"about":[{"href":"https:\/\/www.cordobatimes.com\/showup\/wp-json\/wp\/v2\/types\/post"}],"author":[{"embeddable":true,"href":"https:\/\/www.cordobatimes.com\/showup\/wp-json\/wp\/v2\/users\/9"}],"replies":[{"embeddable":true,"href":"https:\/\/www.cordobatimes.com\/showup\/wp-json\/wp\/v2\/comments?post=30189"}],"version-history":[{"count":0,"href":"https:\/\/www.cordobatimes.com\/showup\/wp-json\/wp\/v2\/posts\/30189\/revisions"}],"wp:featuredmedia":[{"embeddable":true,"href":"https:\/\/www.cordobatimes.com\/showup\/wp-json\/wp\/v2\/media\/30192"}],"wp:attachment":[{"href":"https:\/\/www.cordobatimes.com\/showup\/wp-json\/wp\/v2\/media?parent=30189"}],"wp:term":[{"taxonomy":"category","embeddable":true,"href":"https:\/\/www.cordobatimes.com\/showup\/wp-json\/wp\/v2\/categories?post=30189"},{"taxonomy":"post_tag","embeddable":true,"href":"https:\/\/www.cordobatimes.com\/showup\/wp-json\/wp\/v2\/tags?post=30189"}],"curies":[{"name":"wp","href":"https:\/\/api.w.org\/{rel}","templated":true}]}}