{"id":29984,"date":"2014-10-07T15:11:25","date_gmt":"2014-10-07T18:11:25","guid":{"rendered":"http:\/\/cordobatimes.com\/showup\/?p=29984"},"modified":"2020-02-01T10:18:31","modified_gmt":"2020-02-01T13:18:31","slug":"pablo-alboran-estreno-nuevo-tema-de-su-ultimo-disco-video","status":"publish","type":"post","link":"https:\/\/www.cordobatimes.com\/showup\/musica\/2014\/10\/07\/pablo-alboran-estreno-nuevo-tema-de-su-ultimo-disco-video\/","title":{"rendered":"Pablo Albor\u00e1n estren\u00f3 nuevo  tema de su \u00faltimo disco (Video)"},"content":{"rendered":"<h3 style=\"text-align: justify;\"><strong>A poco m\u00e1s de un mes de lanzar \u00abTerral\u00bb, el cantante dio a conocer \u00abPasos de cero\u00bb.\u00a0<\/strong><\/h3>\n<p style=\"text-align: justify;\">Se trata de la segunda canci\u00f3n que se conoce de este \u00faltimo trabajo discogr\u00e1fico que es le tercero de estudio de la carrera del malague\u00f1o.<\/p>\n<p style=\"text-align: justify;\">\u00abPasos de cero\u00bb ya se encuentra disponible para su descarga en iTunes y se puede escuchar on line a trav\u00e9s del canal oficial de Pablo Albor\u00e1n en Youtube.<\/p>\n<p style=\"text-align: justify;\">\u00abTerral\u00bb ha sido producido por el propio Pablo junto al estadounidense Eric Rosse y representa el cuarto trabajo de su historia discogr\u00e1fica despu\u00e9s de \u00abPablo Albor\u00e1n\u00bb (2011), el directo \u00abEn ac\u00fastico\u00bb (2011), \u00abTanto\u00bb (2012).<\/p>\n<p style=\"text-align: justify;\">No te pierdas el video.<\/p>\n<p><iframe loading=\"lazy\" src=\"\/\/www.youtube.com\/embed\/X6qB6FmEinw\" width=\"560\" height=\"315\" frameborder=\"0\" allowfullscreen=\"allowfullscreen\"><\/iframe><\/p>\n","protected":false},"excerpt":{"rendered":"<p>A poco m\u00e1s de un mes de lanzar \u00abTerral\u00bb, el cantante dio a conocer \u00abPasos de cero\u00bb.\u00a0 Se trata de la segunda canci\u00f3n que se conoce de este \u00faltimo trabajo discogr\u00e1fico que es le tercero de estudio de la carrera del malague\u00f1o. \u00abPasos de cero\u00bb ya se encuentra disponible para su descarga en iTunes y [&hellip;]<\/p>\n","protected":false},"author":9,"featured_media":29985,"comment_status":"closed","ping_status":"closed","sticky":false,"template":"","format":"standard","meta":{"_seopress_robots_primary_cat":"","_seopress_titles_title":"","_seopress_titles_desc":"","_seopress_robots_index":"","footnotes":""},"categories":[5],"tags":[29179],"class_list":{"0":"post-29984","1":"post","2":"type-post","3":"status-publish","4":"format-standard","5":"has-post-thumbnail","7":"category-musica","8":"tag-pablo-alboran-pasos-de-cero"},"_links":{"self":[{"href":"https:\/\/www.cordobatimes.com\/showup\/wp-json\/wp\/v2\/posts\/29984","targetHints":{"allow":["GET"]}}],"collection":[{"href":"https:\/\/www.cordobatimes.com\/showup\/wp-json\/wp\/v2\/posts"}],"about":[{"href":"https:\/\/www.cordobatimes.com\/showup\/wp-json\/wp\/v2\/types\/post"}],"author":[{"embeddable":true,"href":"https:\/\/www.cordobatimes.com\/showup\/wp-json\/wp\/v2\/users\/9"}],"replies":[{"embeddable":true,"href":"https:\/\/www.cordobatimes.com\/showup\/wp-json\/wp\/v2\/comments?post=29984"}],"version-history":[{"count":0,"href":"https:\/\/www.cordobatimes.com\/showup\/wp-json\/wp\/v2\/posts\/29984\/revisions"}],"wp:featuredmedia":[{"embeddable":true,"href":"https:\/\/www.cordobatimes.com\/showup\/wp-json\/wp\/v2\/media\/29985"}],"wp:attachment":[{"href":"https:\/\/www.cordobatimes.com\/showup\/wp-json\/wp\/v2\/media?parent=29984"}],"wp:term":[{"taxonomy":"category","embeddable":true,"href":"https:\/\/www.cordobatimes.com\/showup\/wp-json\/wp\/v2\/categories?post=29984"},{"taxonomy":"post_tag","embeddable":true,"href":"https:\/\/www.cordobatimes.com\/showup\/wp-json\/wp\/v2\/tags?post=29984"}],"curies":[{"name":"wp","href":"https:\/\/api.w.org\/{rel}","templated":true}]}}