{"id":29974,"date":"2014-10-07T14:18:55","date_gmt":"2014-10-07T17:18:55","guid":{"rendered":"http:\/\/cordobatimes.com\/showup\/?p=29974"},"modified":"2020-02-01T10:48:13","modified_gmt":"2020-02-01T13:48:13","slug":"el-cantante-de-mana-se-cayo-del-escenario-video","status":"publish","type":"post","link":"https:\/\/www.cordobatimes.com\/showup\/musica\/2014\/10\/07\/el-cantante-de-mana-se-cayo-del-escenario-video\/","title":{"rendered":"El cantante de Man\u00e1 se cay\u00f3 del escenario (Video)"},"content":{"rendered":"<h3 style=\"text-align: justify;\"><strong>El vocalista del conjunto, Fher Olvera, tuvo un accidente durante la presentaci\u00f3n que la agrupaci\u00f3n tuvo en el Festival Presidente en Rep\u00fablica Dominicana. <\/strong><\/h3>\n<p style=\"text-align: justify;\">Todo ocurri\u00f3 mientras Fher cantaba el sencillo \u00abEn el muelle de San Blas\u00bb, estaba muy concentrado entreg\u00e1ndose a su p\u00fablico cuando se movi\u00f3 hacia un lado del escenario sin darse cuenta que ah\u00ed terminaba, por lo que intent\u00f3 agarrarse de lo que fuera, pero sin \u00e9xito, lleg\u00f3 al piso.<\/p>\n<p style=\"text-align: justify;\">Aunque por fortuna no pas\u00f3 a mayores, la voz de Man\u00e1, como todo un profesional, se par\u00f3 y volvi\u00f3 como si nada hubiera pasado para continuar con el concierto.<\/p>\n<p style=\"text-align: justify;\">El momento fue publicado a trav\u00e9s de Youtube y ya cuenta con m\u00e1s de 146 mil reproducciones.<\/p>\n<p><iframe loading=\"lazy\" src=\"\/\/www.youtube.com\/embed\/bQ2Q2lGxJ1o\" width=\"420\" height=\"315\" frameborder=\"0\" allowfullscreen=\"allowfullscreen\"><\/iframe><\/p>\n","protected":false},"excerpt":{"rendered":"<p>El vocalista del conjunto, Fher Olvera, tuvo un accidente durante la presentaci\u00f3n que la agrupaci\u00f3n tuvo en el Festival Presidente en Rep\u00fablica Dominicana. Todo ocurri\u00f3 mientras Fher cantaba el sencillo \u00abEn el muelle de San Blas\u00bb, estaba muy concentrado entreg\u00e1ndose a su p\u00fablico cuando se movi\u00f3 hacia un lado del escenario sin darse cuenta que [&hellip;]<\/p>\n","protected":false},"author":9,"featured_media":29975,"comment_status":"closed","ping_status":"closed","sticky":false,"template":"","format":"standard","meta":{"_seopress_robots_primary_cat":"","_seopress_titles_title":"","_seopress_titles_desc":"","_seopress_robots_index":"","footnotes":""},"categories":[5],"tags":[29181,29182,29183],"class_list":{"0":"post-29974","1":"post","2":"type-post","3":"status-publish","4":"format-standard","5":"has-post-thumbnail","7":"category-musica","8":"tag-caida-del-cantante-de-mana","9":"tag-cantante-de-mana-se-cayo-del-escenario","10":"tag-fher-olvera-cantante-de-mana-se-cayo-del-escenario"},"_links":{"self":[{"href":"https:\/\/www.cordobatimes.com\/showup\/wp-json\/wp\/v2\/posts\/29974","targetHints":{"allow":["GET"]}}],"collection":[{"href":"https:\/\/www.cordobatimes.com\/showup\/wp-json\/wp\/v2\/posts"}],"about":[{"href":"https:\/\/www.cordobatimes.com\/showup\/wp-json\/wp\/v2\/types\/post"}],"author":[{"embeddable":true,"href":"https:\/\/www.cordobatimes.com\/showup\/wp-json\/wp\/v2\/users\/9"}],"replies":[{"embeddable":true,"href":"https:\/\/www.cordobatimes.com\/showup\/wp-json\/wp\/v2\/comments?post=29974"}],"version-history":[{"count":0,"href":"https:\/\/www.cordobatimes.com\/showup\/wp-json\/wp\/v2\/posts\/29974\/revisions"}],"wp:featuredmedia":[{"embeddable":true,"href":"https:\/\/www.cordobatimes.com\/showup\/wp-json\/wp\/v2\/media\/29975"}],"wp:attachment":[{"href":"https:\/\/www.cordobatimes.com\/showup\/wp-json\/wp\/v2\/media?parent=29974"}],"wp:term":[{"taxonomy":"category","embeddable":true,"href":"https:\/\/www.cordobatimes.com\/showup\/wp-json\/wp\/v2\/categories?post=29974"},{"taxonomy":"post_tag","embeddable":true,"href":"https:\/\/www.cordobatimes.com\/showup\/wp-json\/wp\/v2\/tags?post=29974"}],"curies":[{"name":"wp","href":"https:\/\/api.w.org\/{rel}","templated":true}]}}