{"id":29925,"date":"2014-10-06T14:17:30","date_gmt":"2014-10-06T17:17:30","guid":{"rendered":"http:\/\/cordobatimes.com\/showup\/?p=29925"},"modified":"2020-02-01T11:03:55","modified_gmt":"2020-02-01T14:03:55","slug":"arrasador-exito-mas-premios-para-relatos-salvajes","status":"publish","type":"post","link":"https:\/\/www.cordobatimes.com\/showup\/cine-y-series\/2014\/10\/06\/arrasador-exito-mas-premios-para-relatos-salvajes\/","title":{"rendered":"Arrasador \u00e9xito: m\u00e1s premios para \u00abRelatos Salvajes\u00bb"},"content":{"rendered":"<p style=\"text-align: justify;\">\n<h3 style=\"text-align: justify;\"><strong>La pel\u00edcula de Dami\u00e1n Szifr\u00f3n, ratific\u00f3 la estupenda recepci\u00f3n conseguida en la apertura de la 23ra. Edici\u00f3n del Festival de Cine de Biarritz, y este s\u00e1bado obtuvo el premio del p\u00fablico que asisti\u00f3 a esta importante cita del cine latinoamericano en territorio europeo.<\/strong><\/h3>\n<p style=\"text-align: justify;\">El filme, que es un fen\u00f3meno de taquilla en la Argentina y fue seleccionado para representar al pa\u00eds en los premios Oscar y Goya, tambi\u00e9n sum\u00f3 una estatuilla gracias al reconocimiento a \u00c9rica Rivas, protagonista de uno de los episodios que lo integran.<\/p>\n<p style=\"text-align: justify;\">El cine nacional sum\u00f3 este s\u00e1bado el lauro del sindicato franc\u00e9s de la cr\u00edtica de cine, que distingui\u00f3 a \u201cLa Salada\u201d, de Juan Mart\u00edn Hsu y tambi\u00e9n el de los espectadores de documentales que escogieron a \u201cMercedes Sosa, la voz de Latinoam\u00e9rica\u201d, de Rodrigo Vila.<\/p>\n<p style=\"text-align: justify;\">Entre los cortometrajes, adem\u00e1s, la m\u00e1xima posici\u00f3n le correspondi\u00f3 a \u00abPadre\u00bb, del argentino Santiago Bou Grasso.<\/p>\n<p style=\"text-align: justify;\">El palmar\u00e9s revelado este s\u00e1bado en el cierre del encuentro, mostr\u00f3 como ganador del certamen a \u201cRetorno a \u00cdtaca\u201d, del franc\u00e9s Laurent Cantet en coproducci\u00f3n franco-cubana y distinciones para \u201cLas b\u00fasquedas\u201d, del mexicano Jos\u00e9 Luis Valle (premio del jurado) y H\u00e9ctor Noguera y N\u00e9stor Guzzini (protagonistas masculinos de la cinta uruguaya \u201cMr. Kaplan\u201d, de \u00c1lvaro Brechner.<\/p>\n","protected":false},"excerpt":{"rendered":"<p>La pel\u00edcula de Dami\u00e1n Szifr\u00f3n, ratific\u00f3 la estupenda recepci\u00f3n conseguida en la apertura de la 23ra. Edici\u00f3n del Festival de Cine de Biarritz, y este s\u00e1bado obtuvo el premio del p\u00fablico que asisti\u00f3 a esta importante cita del cine latinoamericano en territorio europeo. El filme, que es un fen\u00f3meno de taquilla en la Argentina y [&hellip;]<\/p>\n","protected":false},"author":9,"featured_media":29926,"comment_status":"closed","ping_status":"closed","sticky":false,"template":"","format":"standard","meta":{"_seopress_robots_primary_cat":"","_seopress_titles_title":"","_seopress_titles_desc":"","_seopress_robots_index":"","footnotes":""},"categories":[3],"tags":[29186,29187],"class_list":{"0":"post-29925","1":"post","2":"type-post","3":"status-publish","4":"format-standard","5":"has-post-thumbnail","7":"category-cine-y-series","8":"tag-relatos-salvajes-festival-de-cine-de-biarritz","9":"tag-relatos-salvajes-premio-a-erica-rivas"},"_links":{"self":[{"href":"https:\/\/www.cordobatimes.com\/showup\/wp-json\/wp\/v2\/posts\/29925","targetHints":{"allow":["GET"]}}],"collection":[{"href":"https:\/\/www.cordobatimes.com\/showup\/wp-json\/wp\/v2\/posts"}],"about":[{"href":"https:\/\/www.cordobatimes.com\/showup\/wp-json\/wp\/v2\/types\/post"}],"author":[{"embeddable":true,"href":"https:\/\/www.cordobatimes.com\/showup\/wp-json\/wp\/v2\/users\/9"}],"replies":[{"embeddable":true,"href":"https:\/\/www.cordobatimes.com\/showup\/wp-json\/wp\/v2\/comments?post=29925"}],"version-history":[{"count":0,"href":"https:\/\/www.cordobatimes.com\/showup\/wp-json\/wp\/v2\/posts\/29925\/revisions"}],"wp:featuredmedia":[{"embeddable":true,"href":"https:\/\/www.cordobatimes.com\/showup\/wp-json\/wp\/v2\/media\/29926"}],"wp:attachment":[{"href":"https:\/\/www.cordobatimes.com\/showup\/wp-json\/wp\/v2\/media?parent=29925"}],"wp:term":[{"taxonomy":"category","embeddable":true,"href":"https:\/\/www.cordobatimes.com\/showup\/wp-json\/wp\/v2\/categories?post=29925"},{"taxonomy":"post_tag","embeddable":true,"href":"https:\/\/www.cordobatimes.com\/showup\/wp-json\/wp\/v2\/tags?post=29925"}],"curies":[{"name":"wp","href":"https:\/\/api.w.org\/{rel}","templated":true}]}}