{"id":29733,"date":"2014-10-03T13:10:38","date_gmt":"2014-10-03T16:10:38","guid":{"rendered":"http:\/\/cordobatimes.com\/showup\/?p=29733"},"modified":"2020-02-01T12:20:18","modified_gmt":"2020-02-01T15:20:18","slug":"facundo-arana-presento-su-version-de-stand-by-me-video","status":"publish","type":"post","link":"https:\/\/www.cordobatimes.com\/showup\/musica\/2014\/10\/03\/facundo-arana-presento-su-version-de-stand-by-me-video\/","title":{"rendered":"Facundo Arana present\u00f3 su versi\u00f3n de \u00abStand by me\u00bb (Video)"},"content":{"rendered":"<p>&nbsp;<\/p>\n<h3 style=\"text-align: justify;\"><strong>El clip fue dirigido por Diego Salpurido y se film\u00f3 en el mes de agosto en una estancia de San Antonio de Areco.<\/strong><\/h3>\n<p style=\"text-align: justify;\">\u201cSalir a tocar\u201d es el primer disco de Facundo Arana &amp; T.B.L.Orquestra. Este \u00e1lbum contiene una selecci\u00f3n de hermosas canciones de grandes artistas, versionadas con mucho respeto y d\u00e1ndole un toque personal que hace que la banda las haga propias por un rato.<\/p>\n<p style=\"text-align: justify;\">Son canciones que en alg\u00fan momento de nuestras vidas nos influenciaron y volver a escucharlas nos movilizan. Con un repertorio rockero con momentos de jazz y blues, temas como \u201cFree Fallin\u201d (Tom Petty), \u201cRoxanne\u201d (The Police), un funkeando \u201cSure know Something\u201d (Kiss), entre otros, hacen de este disco un lindo viaje.<\/p>\n<p style=\"text-align: justify;\">The Blue Light Orquestra est\u00e1 integrada por reconocido m\u00fasicos de la escena local como Dizzy Espeche (guitarra), Alejandro Dixon (bater\u00eda), Greta Moro (teclados), Natalia Castelli (coros), Izzy Gainza (guitarra) y Aldana Aguirre (bajo).<\/p>\n<p style=\"text-align: justify;\">En estos d\u00edas Facundo comenzar\u00e1 a filmar su nueva tira para Pol-ka \u201cD\u00eda y noche\u201d y el pr\u00f3ximo 10 de octubre presentar\u00e1 oficialmente su disco \u201cSalir a tocar\u201d en La Trastienda Club.<\/p>\n<p><iframe loading=\"lazy\" src=\"\/\/www.youtube.com\/embed\/BtdkmVHRvfs\" width=\"560\" height=\"315\" frameborder=\"0\" allowfullscreen=\"allowfullscreen\"><\/iframe><\/p>\n","protected":false},"excerpt":{"rendered":"<p>&nbsp; El clip fue dirigido por Diego Salpurido y se film\u00f3 en el mes de agosto en una estancia de San Antonio de Areco. \u201cSalir a tocar\u201d es el primer disco de Facundo Arana &amp; T.B.L.Orquestra. Este \u00e1lbum contiene una selecci\u00f3n de hermosas canciones de grandes artistas, versionadas con mucho respeto y d\u00e1ndole un toque [&hellip;]<\/p>\n","protected":false},"author":9,"featured_media":29762,"comment_status":"closed","ping_status":"closed","sticky":false,"template":"","format":"standard","meta":{"_seopress_robots_primary_cat":"","_seopress_titles_title":"","_seopress_titles_desc":"","_seopress_robots_index":"","footnotes":""},"categories":[5],"tags":[29202],"class_list":{"0":"post-29733","1":"post","2":"type-post","3":"status-publish","4":"format-standard","5":"has-post-thumbnail","7":"category-musica","8":"tag-facundo-arana-version-de-stand-by-me"},"_links":{"self":[{"href":"https:\/\/www.cordobatimes.com\/showup\/wp-json\/wp\/v2\/posts\/29733","targetHints":{"allow":["GET"]}}],"collection":[{"href":"https:\/\/www.cordobatimes.com\/showup\/wp-json\/wp\/v2\/posts"}],"about":[{"href":"https:\/\/www.cordobatimes.com\/showup\/wp-json\/wp\/v2\/types\/post"}],"author":[{"embeddable":true,"href":"https:\/\/www.cordobatimes.com\/showup\/wp-json\/wp\/v2\/users\/9"}],"replies":[{"embeddable":true,"href":"https:\/\/www.cordobatimes.com\/showup\/wp-json\/wp\/v2\/comments?post=29733"}],"version-history":[{"count":0,"href":"https:\/\/www.cordobatimes.com\/showup\/wp-json\/wp\/v2\/posts\/29733\/revisions"}],"wp:featuredmedia":[{"embeddable":true,"href":"https:\/\/www.cordobatimes.com\/showup\/wp-json\/wp\/v2\/media\/29762"}],"wp:attachment":[{"href":"https:\/\/www.cordobatimes.com\/showup\/wp-json\/wp\/v2\/media?parent=29733"}],"wp:term":[{"taxonomy":"category","embeddable":true,"href":"https:\/\/www.cordobatimes.com\/showup\/wp-json\/wp\/v2\/categories?post=29733"},{"taxonomy":"post_tag","embeddable":true,"href":"https:\/\/www.cordobatimes.com\/showup\/wp-json\/wp\/v2\/tags?post=29733"}],"curies":[{"name":"wp","href":"https:\/\/api.w.org\/{rel}","templated":true}]}}