{"id":29628,"date":"2014-10-01T14:28:19","date_gmt":"2014-10-01T17:28:19","guid":{"rendered":"http:\/\/cordobatimes.com\/showup\/?p=29628"},"modified":"2020-02-01T13:45:13","modified_gmt":"2020-02-01T16:45:13","slug":"flor-otero-y-tripa-esperan-su-primer-bebe-con-una-tierna-produccion-fotos","status":"publish","type":"post","link":"https:\/\/www.cordobatimes.com\/showup\/famosos\/2014\/10\/01\/flor-otero-y-tripa-esperan-su-primer-bebe-con-una-tierna-produccion-fotos\/","title":{"rendered":"Flor Otero y Tripa esperan su primer beb\u00e9 con una tierna producci\u00f3n (Fotos)"},"content":{"rendered":"<h3 style=\"text-align: justify;\"><strong>La pareja de artistas se encuentran en la dulce espera de su primer hijo. <\/strong><\/h3>\n<p style=\"text-align: justify;\">Muy lejos de ocultar su alegr\u00eda por la llegada de su beb\u00e9, realizaron unas fotos para la revista Gente, donde se encuentran desnudos.<\/p>\n<p>\u00abLa fecha de parto es el 27 de febrero, aunque en un sue\u00f1o Whoopi Goldberg me dijo que ser\u00e1 el 15 a as 16:01\u00bb, asegur\u00f3 Florencia en declaraciones a Gente.<\/p>\n<p>\u00abNo sabemos a\u00fan el sexo del beb\u00e9. Los nombres los iremos eligiendo una vez que lo sepamos. No queremos apurarnos\u00bb, detall\u00f3.<\/p>\n<p>Por su parte, Tripa se refiri\u00f3 a lo dif\u00edcil que fue su tiempo post-Mambr\u00fa y c\u00f3mo hizo para llegar a este presente. \u00abDespu\u00e9s de Mambr\u00fa me volv\u00ed depresivo y ca\u00ed en las drogas. Por suerte apareci\u00f3 Flor y armamos una familia\u00bb, explic\u00f3.<\/p>\n<p style=\"text-align: justify;\"><a href=\"http:\/\/cordobatimes.com\/showup\/wp-content\/uploads\/2014\/10\/tripa-3.jpg\"><img loading=\"lazy\" decoding=\"async\" class=\"alignnone size-full wp-image-29657\" src=\"http:\/\/cordobatimes.com\/showup\/wp-content\/uploads\/2014\/10\/tripa-3.jpg\" alt=\"tripa 3\" width=\"666\" height=\"556\" data-id=\"29657\" srcset=\"https:\/\/www.cordobatimes.com\/showup\/wp-content\/uploads\/2014\/10\/tripa-3.jpg 666w, https:\/\/www.cordobatimes.com\/showup\/wp-content\/uploads\/2014\/10\/tripa-3-300x250.jpg 300w, https:\/\/www.cordobatimes.com\/showup\/wp-content\/uploads\/2014\/10\/tripa-3-600x500.jpg 600w\" sizes=\"auto, (max-width: 666px) 100vw, 666px\" \/><\/a><\/p>\n<p style=\"text-align: justify;\"><a href=\"http:\/\/cordobatimes.com\/showup\/wp-content\/uploads\/2014\/10\/tripa-1.jpg\"><img loading=\"lazy\" decoding=\"async\" class=\"alignnone size-full wp-image-29658\" src=\"http:\/\/cordobatimes.com\/showup\/wp-content\/uploads\/2014\/10\/tripa-1.jpg\" alt=\"tripa 1\" width=\"744\" height=\"416\" data-id=\"29658\" srcset=\"https:\/\/www.cordobatimes.com\/showup\/wp-content\/uploads\/2014\/10\/tripa-1.jpg 744w, https:\/\/www.cordobatimes.com\/showup\/wp-content\/uploads\/2014\/10\/tripa-1-300x167.jpg 300w, https:\/\/www.cordobatimes.com\/showup\/wp-content\/uploads\/2014\/10\/tripa-1-600x335.jpg 600w\" sizes=\"auto, (max-width: 744px) 100vw, 744px\" \/><\/a><\/p>\n<p style=\"text-align: justify;\">Fotos: Revista Gente.<\/p>\n","protected":false},"excerpt":{"rendered":"<p>La pareja de artistas se encuentran en la dulce espera de su primer hijo. Muy lejos de ocultar su alegr\u00eda por la llegada de su beb\u00e9, realizaron unas fotos para la revista Gente, donde se encuentran desnudos. \u00abLa fecha de parto es el 27 de febrero, aunque en un sue\u00f1o Whoopi Goldberg me dijo que [&hellip;]<\/p>\n","protected":false},"author":9,"featured_media":29656,"comment_status":"closed","ping_status":"closed","sticky":false,"template":"","format":"standard","meta":{"_seopress_robots_primary_cat":"","_seopress_titles_title":"","_seopress_titles_desc":"","_seopress_robots_index":"","footnotes":""},"categories":[4],"tags":[29206,29207],"class_list":{"0":"post-29628","1":"post","2":"type-post","3":"status-publish","4":"format-standard","5":"has-post-thumbnail","7":"category-famosos","8":"tag-florencia-otero-german-tripel","9":"tag-hijos-de-florencia-otero-y-german-tripel"},"_links":{"self":[{"href":"https:\/\/www.cordobatimes.com\/showup\/wp-json\/wp\/v2\/posts\/29628","targetHints":{"allow":["GET"]}}],"collection":[{"href":"https:\/\/www.cordobatimes.com\/showup\/wp-json\/wp\/v2\/posts"}],"about":[{"href":"https:\/\/www.cordobatimes.com\/showup\/wp-json\/wp\/v2\/types\/post"}],"author":[{"embeddable":true,"href":"https:\/\/www.cordobatimes.com\/showup\/wp-json\/wp\/v2\/users\/9"}],"replies":[{"embeddable":true,"href":"https:\/\/www.cordobatimes.com\/showup\/wp-json\/wp\/v2\/comments?post=29628"}],"version-history":[{"count":0,"href":"https:\/\/www.cordobatimes.com\/showup\/wp-json\/wp\/v2\/posts\/29628\/revisions"}],"wp:featuredmedia":[{"embeddable":true,"href":"https:\/\/www.cordobatimes.com\/showup\/wp-json\/wp\/v2\/media\/29656"}],"wp:attachment":[{"href":"https:\/\/www.cordobatimes.com\/showup\/wp-json\/wp\/v2\/media?parent=29628"}],"wp:term":[{"taxonomy":"category","embeddable":true,"href":"https:\/\/www.cordobatimes.com\/showup\/wp-json\/wp\/v2\/categories?post=29628"},{"taxonomy":"post_tag","embeddable":true,"href":"https:\/\/www.cordobatimes.com\/showup\/wp-json\/wp\/v2\/tags?post=29628"}],"curies":[{"name":"wp","href":"https:\/\/api.w.org\/{rel}","templated":true}]}}