{"id":29587,"date":"2014-09-30T18:08:01","date_gmt":"2014-09-30T21:08:01","guid":{"rendered":"http:\/\/cordobatimes.com\/showup\/?p=29587"},"modified":"2020-01-27T20:54:02","modified_gmt":"2020-01-27T23:54:02","slug":"primicia-de-insensatos-flavio-mendoza-no-cumplio-promesa-con-comedor-en-nuestra-ciudad","status":"publish","type":"post","link":"https:\/\/www.cordobatimes.com\/showup\/famosos\/2014\/09\/30\/primicia-de-insensatos-flavio-mendoza-no-cumplio-promesa-con-comedor-en-nuestra-ciudad\/","title":{"rendered":"Primicia de \u00abInsensatos\u00bb: Flavio Mendoza no cumpli\u00f3 promesa con comedor en nuestra ciudad"},"content":{"rendered":"<h3 style=\"text-align: justify;\"><strong>Seg\u00fan trascendi\u00f3 en el reconocido programa cordob\u00e9s, \u00a0el director de Stravaganza, se hab\u00eda comprometido en ayudar al comedor Copito de Nieve hace un a\u00f1o atr\u00e1s, pero a\u00fan no cumple con su palabra.<\/strong><\/h3>\n<p style=\"text-align: justify;\">\u00abLe damos de comer a los chicos los s\u00e1bados y piden siempre por Flavio Mendoza quien prometi\u00f3 que iba a venir y llevarlos a ver la obra de teatro hace un a\u00f1o atr\u00e1s. Pero nunca m\u00e1s apareci\u00f3 Flavio y tampoco tengo el n\u00famero de \u00e9l\u201d, cont\u00f3 Stella Montivero, directora del hogar, en el programa Insensatos que se emite por Canal 10 de C\u00f3rdoba.<\/p>\n<p style=\"text-align: justify;\">\u00abFlavio es el padrino y nunca apareci\u00f3. No s\u00e9 qu\u00e9 pasa con Flavio. En el teatro de \u00e9l hab\u00edan dicho que iban a dar unas donaciones para el comedor Copito de Nieve y ac\u00e1 nunca lleg\u00f3 nada. Nunca apareci\u00f3 nadie, ni \u00e9l ni gente de su producci\u00f3n\u201d, agreg\u00f3.<\/p>\n<p style=\"text-align: justify;\">Tambi\u00e9n habl\u00f3 Jos\u00e9 Montivero, el pap\u00e1 de Stella, a qui\u00e9n Flavio le hab\u00eda prometido que iba a refaccionar el lugar: \u00abNunca recib\u00ed nada de Flavio Mendoza. S\u00f3lo le dir\u00eda que Dios lo ayude, \u00e9l prometi\u00f3 y no cumpli\u00f3. Yo lo amo pese a todo, no odio a nadie\u201d.<\/p>\n<p style=\"text-align: justify;\">No te pierdas el video.<\/p>\n<p><iframe loading=\"lazy\" src=\"\/\/www.youtube.com\/embed\/JueCfQl7bIk\" width=\"560\" height=\"315\" frameborder=\"0\" allowfullscreen=\"allowfullscreen\"><\/iframe><\/p>\n","protected":false},"excerpt":{"rendered":"<p>Seg\u00fan trascendi\u00f3 en el reconocido programa cordob\u00e9s, \u00a0el director de Stravaganza, se hab\u00eda comprometido en ayudar al comedor Copito de Nieve hace un a\u00f1o atr\u00e1s, pero a\u00fan no cumple con su palabra. \u00abLe damos de comer a los chicos los s\u00e1bados y piden siempre por Flavio Mendoza quien prometi\u00f3 que iba a venir y llevarlos [&hellip;]<\/p>\n","protected":false},"author":9,"featured_media":29588,"comment_status":"closed","ping_status":"closed","sticky":false,"template":"","format":"standard","meta":{"_seopress_robots_primary_cat":"","_seopress_titles_title":"","_seopress_titles_desc":"","_seopress_robots_index":"","footnotes":""},"categories":[4],"tags":[28852],"class_list":{"0":"post-29587","1":"post","2":"type-post","3":"status-publish","4":"format-standard","5":"has-post-thumbnail","7":"category-famosos","8":"tag-flavio-mendoza-comedor-copito-de-nieve"},"_links":{"self":[{"href":"https:\/\/www.cordobatimes.com\/showup\/wp-json\/wp\/v2\/posts\/29587","targetHints":{"allow":["GET"]}}],"collection":[{"href":"https:\/\/www.cordobatimes.com\/showup\/wp-json\/wp\/v2\/posts"}],"about":[{"href":"https:\/\/www.cordobatimes.com\/showup\/wp-json\/wp\/v2\/types\/post"}],"author":[{"embeddable":true,"href":"https:\/\/www.cordobatimes.com\/showup\/wp-json\/wp\/v2\/users\/9"}],"replies":[{"embeddable":true,"href":"https:\/\/www.cordobatimes.com\/showup\/wp-json\/wp\/v2\/comments?post=29587"}],"version-history":[{"count":0,"href":"https:\/\/www.cordobatimes.com\/showup\/wp-json\/wp\/v2\/posts\/29587\/revisions"}],"wp:featuredmedia":[{"embeddable":true,"href":"https:\/\/www.cordobatimes.com\/showup\/wp-json\/wp\/v2\/media\/29588"}],"wp:attachment":[{"href":"https:\/\/www.cordobatimes.com\/showup\/wp-json\/wp\/v2\/media?parent=29587"}],"wp:term":[{"taxonomy":"category","embeddable":true,"href":"https:\/\/www.cordobatimes.com\/showup\/wp-json\/wp\/v2\/categories?post=29587"},{"taxonomy":"post_tag","embeddable":true,"href":"https:\/\/www.cordobatimes.com\/showup\/wp-json\/wp\/v2\/tags?post=29587"}],"curies":[{"name":"wp","href":"https:\/\/api.w.org\/{rel}","templated":true}]}}